{"id":8154,"date":"2019-09-19T11:54:08","date_gmt":"2019-09-19T08:54:08","guid":{"rendered":"http:\/\/uusi.tepcomp.fi\/2019\/09\/19\/tepcomp-mukana-alihankinta-2019-messuilla\/"},"modified":"2020-02-20T17:31:47","modified_gmt":"2020-02-20T15:31:47","slug":"tepcomp-mukana-alihankinta-2019-messuilla","status":"publish","type":"post","link":"https:\/\/www.tepcomp.fi\/de\/tepcomp-mukana-alihankinta-2019-messuilla\/","title":{"rendered":"Tepcomp ist auf der Subunternehmermesse Alihankinta 2019 mit dabei"},"content":{"rendered":"[vc_row type=&#8220;in_container&#8220; full_screen_row_position=&#8220;middle&#8220; column_margin=&#8220;default&#8220; scene_position=&#8220;center&#8220; text_color=&#8220;dark&#8220; text_align=&#8220;left&#8220; overlay_strength=&#8220;0.3&#8243; shape_divider_position=&#8220;bottom&#8220; bg_image_animation=&#8220;none&#8220;][vc_column column_padding=&#8220;no-extra-padding&#8220; column_padding_position=&#8220;all&#8220; background_color_opacity=&#8220;1&#8243; background_hover_color_opacity=&#8220;1&#8243; column_link_target=&#8220;_self&#8220; column_shadow=&#8220;none&#8220; column_border_radius=&#8220;none&#8220; width=&#8220;1\/1&#8243; tablet_width_inherit=&#8220;default&#8220; tablet_text_alignment=&#8220;default&#8220; phone_text_alignment=&#8220;default&#8220; overlay_strength=&#8220;0.3&#8243; column_border_width=&#8220;none&#8220; column_border_style=&#8220;solid&#8220; bg_image_animation=&#8220;none&#8220;][vc_column_text]\n<h2>Subunternehmermesse Alihankinta 24.-26.9.2019 in Tampere<\/h2>\n[\/vc_column_text][vc_column_text]Die gesamte finnische Industrie versammelt sich<strong> 24.-26.9.2019 auf der Messe Alihankinta<\/strong>, die im <strong>Messe- und Sportzentrum Tampere<\/strong> stattfindet. Dieses Jahr wird auf der Messe Alihankinta die Bedeutung der nachhaltigen Produktion in Finnland hervorgehoben. Tepcomp nimmt wie gewohnt an der international renommierten Berufsmesse f\u00fcr industrielle Zulieferung teil. Sie finden Tepcomp <strong>am Stand C 918<\/strong>.<\/p>\n<p>Wir freuen uns auf Ihren Besuch, um Tepcomps \u00dcberlegungen zur Industrie der Zukunft und zu neuen Innovationen sowie zur Ber\u00fccksichtigung der Umweltaspekte in Tepcomps Unternehmenst\u00e4tigkeit zu h\u00f6ren.<\/p>\n<h4 data-fontsize=\"20\" data-lineheight=\"30\">Willkommen am Stand C 918, um \u00fcber M\u00f6glichkeiten der Zusammenarbeit zu plaudern!<\/h4>\n[\/vc_column_text][divider line_type=&#8220;No Line&#8220; custom_height=&#8220;20&#8243;][vc_column_text]<em>Wenn Sie das Formular f\u00fcr die Voranmeldung ausf\u00fcllen und das Ticket ausdrucken, haben Sie freien Eintritt zur Messe.<\/em>[\/vc_column_text][nectar_btn size=&#8220;large&#8220; button_style=&#8220;regular&#8220; button_color_2=&#8220;Accent-Color&#8220; icon_family=&#8220;none&#8220; url=&#8220;http:\/\/ilmoittaudu.tampereenmessut.fi\/ilmoittautuminen\/index.tmpl?lid=197&#8243; text=&#8220;Melden Sie sich f\u00fcr einen kostenlosen Besuch an&#8220;][divider line_type=&#8220;No Line&#8220; custom_height=&#8220;20&#8243;][\/vc_column][\/vc_row]\n","protected":false},"excerpt":{"rendered":"<p>[vc_row type=&#8220;in_container&#8220; full_screen_row_position=&#8220;middle&#8220; column_margin=&#8220;default&#8220; scene_position=&#8220;center&#8220; text_color=&#8220;dark&#8220; text_align=&#8220;left&#8220; overlay_strength=&#8220;0.3&#8243; shape_divider_position=&#8220;bottom&#8220; bg_image_animation=&#8220;none&#8220;][vc_column column_padding=&#8220;no-extra-padding&#8220; column_padding_position=&#8220;all&#8220; background_color_opacity=&#8220;1&#8243; background_hover_color_opacity=&#8220;1&#8243; column_link_target=&#8220;_self&#8220; column_shadow=&#8220;none&#8220; column_border_radius=&#8220;none&#8220; width=&#8220;1\/1&#8243; tablet_width_inherit=&#8220;default&#8220; tablet_text_alignment=&#8220;default&#8220; phone_text_alignment=&#8220;default&#8220; overlay_strength=&#8220;0.3&#8243; column_border_width=&#8220;none&#8220; column_border_style=&#8220;solid&#8220; bg_image_animation=&#8220;none&#8220;][vc_column_text] Subunternehmermesse Alihankinta 24.-26.9.2019 in Tampere&#8230;<\/p>\n","protected":false},"author":5,"featured_media":7466,"comment_status":"closed","ping_status":"closed","sticky":false,"template":"","format":"standard","meta":{"footnotes":""},"categories":[18],"tags":[],"class_list":{"0":"post-8154","1":"post","2":"type-post","3":"status-publish","4":"format-standard","5":"has-post-thumbnail","7":"category-tepcompgroup-de"},"yoast_head":"<!-- This site is optimized with the Yoast SEO plugin v27.4 - https:\/\/yoast.com\/product\/yoast-seo-wordpress\/ -->\n<title>Tepcomp ist auf der Subunternehmermesse Alihankinta 2019 mit dabei - Tepcomp Group<\/title>\n<meta name=\"robots\" content=\"noindex, follow\" \/>\n<meta property=\"og:locale\" content=\"de_DE\" \/>\n<meta property=\"og:type\" content=\"article\" \/>\n<meta property=\"og:title\" content=\"Tepcomp ist auf der Subunternehmermesse Alihankinta 2019 mit dabei - Tepcomp Group\" \/>\n<meta property=\"og:description\" content=\"[vc_row type=&#8220;in_container&#8220; full_screen_row_position=&#8220;middle&#8220; column_margin=&#8220;default&#8220; scene_position=&#8220;center&#8220; text_color=&#8220;dark&#8220; text_align=&#8220;left&#8220; overlay_strength=&#8220;0.3&#8243; shape_divider_position=&#8220;bottom&#8220; bg_image_animation=&#8220;none&#8220;][vc_column column_padding=&#8220;no-extra-padding&#8220; column_padding_position=&#8220;all&#8220; background_color_opacity=&#8220;1&#8243; background_hover_color_opacity=&#8220;1&#8243; column_link_target=&#8220;_self&#8220; column_shadow=&#8220;none&#8220; column_border_radius=&#8220;none&#8220; width=&#8220;1\/1&#8243; tablet_width_inherit=&#8220;default&#8220; tablet_text_alignment=&#8220;default&#8220; phone_text_alignment=&#8220;default&#8220; overlay_strength=&#8220;0.3&#8243; column_border_width=&#8220;none&#8220; column_border_style=&#8220;solid&#8220; bg_image_animation=&#8220;none&#8220;][vc_column_text] Subunternehmermesse Alihankinta 24.-26.9.2019 in Tampere...\" \/>\n<meta property=\"og:url\" content=\"https:\/\/www.tepcomp.fi\/tepcomp-mukana-alihankinta-2019-messuilla\/\" \/>\n<meta property=\"og:site_name\" content=\"Tepcomp Group\" \/>\n<meta property=\"article:published_time\" content=\"2019-09-19T08:54:08+00:00\" \/>\n<meta property=\"article:modified_time\" content=\"2020-02-20T15:31:47+00:00\" \/>\n<meta property=\"og:image\" content=\"https:\/\/www.tepcomp.fi\/wp-content\/uploads\/2019\/09\/Tepcomp_Alihankinta-2019.jpg\" \/>\n\t<meta property=\"og:image:width\" content=\"1400\" \/>\n\t<meta property=\"og:image:height\" content=\"844\" \/>\n\t<meta property=\"og:image:type\" content=\"image\/jpeg\" \/>\n<meta name=\"author\" content=\"hi-admin\" \/>\n<meta name=\"twitter:card\" content=\"summary_large_image\" \/>\n<meta name=\"twitter:label1\" content=\"Verfasst von\" \/>\n\t<meta name=\"twitter:data1\" content=\"hi-admin\" \/>\n\t<meta name=\"twitter:label2\" content=\"Gesch\u00e4tzte Lesezeit\" \/>\n\t<meta name=\"twitter:data2\" content=\"1\u00a0Minute\" \/>\n<script type=\"application\/ld+json\" class=\"yoast-schema-graph\">{\"@context\":\"https:\\\/\\\/schema.org\",\"@graph\":[{\"@type\":\"Article\",\"@id\":\"https:\\\/\\\/www.tepcomp.fi\\\/tepcomp-mukana-alihankinta-2019-messuilla\\\/#article\",\"isPartOf\":{\"@id\":\"https:\\\/\\\/www.tepcomp.fi\\\/tepcomp-mukana-alihankinta-2019-messuilla\\\/\"},\"author\":{\"name\":\"hi-admin\",\"@id\":\"https:\\\/\\\/www.tepcomp.fi\\\/#\\\/schema\\\/person\\\/cda481230323f1f0a2b8a27beda73fb6\"},\"headline\":\"Tepcomp ist auf der Subunternehmermesse Alihankinta 2019 mit dabei\",\"datePublished\":\"2019-09-19T08:54:08+00:00\",\"dateModified\":\"2020-02-20T15:31:47+00:00\",\"mainEntityOfPage\":{\"@id\":\"https:\\\/\\\/www.tepcomp.fi\\\/tepcomp-mukana-alihankinta-2019-messuilla\\\/\"},\"wordCount\":282,\"image\":{\"@id\":\"https:\\\/\\\/www.tepcomp.fi\\\/tepcomp-mukana-alihankinta-2019-messuilla\\\/#primaryimage\"},\"thumbnailUrl\":\"https:\\\/\\\/www.tepcomp.fi\\\/wp-content\\\/uploads\\\/2019\\\/09\\\/Tepcomp_Alihankinta-2019.jpg\",\"articleSection\":[\"Tepcomp Group\"],\"inLanguage\":\"de\"},{\"@type\":\"WebPage\",\"@id\":\"https:\\\/\\\/www.tepcomp.fi\\\/tepcomp-mukana-alihankinta-2019-messuilla\\\/\",\"url\":\"https:\\\/\\\/www.tepcomp.fi\\\/tepcomp-mukana-alihankinta-2019-messuilla\\\/\",\"name\":\"Tepcomp ist auf der Subunternehmermesse Alihankinta 2019 mit dabei - Tepcomp Group\",\"isPartOf\":{\"@id\":\"https:\\\/\\\/www.tepcomp.fi\\\/#website\"},\"primaryImageOfPage\":{\"@id\":\"https:\\\/\\\/www.tepcomp.fi\\\/tepcomp-mukana-alihankinta-2019-messuilla\\\/#primaryimage\"},\"image\":{\"@id\":\"https:\\\/\\\/www.tepcomp.fi\\\/tepcomp-mukana-alihankinta-2019-messuilla\\\/#primaryimage\"},\"thumbnailUrl\":\"https:\\\/\\\/www.tepcomp.fi\\\/wp-content\\\/uploads\\\/2019\\\/09\\\/Tepcomp_Alihankinta-2019.jpg\",\"datePublished\":\"2019-09-19T08:54:08+00:00\",\"dateModified\":\"2020-02-20T15:31:47+00:00\",\"author\":{\"@id\":\"https:\\\/\\\/www.tepcomp.fi\\\/#\\\/schema\\\/person\\\/cda481230323f1f0a2b8a27beda73fb6\"},\"breadcrumb\":{\"@id\":\"https:\\\/\\\/www.tepcomp.fi\\\/tepcomp-mukana-alihankinta-2019-messuilla\\\/#breadcrumb\"},\"inLanguage\":\"de\",\"potentialAction\":[{\"@type\":\"ReadAction\",\"target\":[\"https:\\\/\\\/www.tepcomp.fi\\\/tepcomp-mukana-alihankinta-2019-messuilla\\\/\"]}]},{\"@type\":\"ImageObject\",\"inLanguage\":\"de\",\"@id\":\"https:\\\/\\\/www.tepcomp.fi\\\/tepcomp-mukana-alihankinta-2019-messuilla\\\/#primaryimage\",\"url\":\"https:\\\/\\\/www.tepcomp.fi\\\/wp-content\\\/uploads\\\/2019\\\/09\\\/Tepcomp_Alihankinta-2019.jpg\",\"contentUrl\":\"https:\\\/\\\/www.tepcomp.fi\\\/wp-content\\\/uploads\\\/2019\\\/09\\\/Tepcomp_Alihankinta-2019.jpg\",\"width\":1400,\"height\":844},{\"@type\":\"BreadcrumbList\",\"@id\":\"https:\\\/\\\/www.tepcomp.fi\\\/tepcomp-mukana-alihankinta-2019-messuilla\\\/#breadcrumb\",\"itemListElement\":[{\"@type\":\"ListItem\",\"position\":1,\"name\":\"Home\",\"item\":\"https:\\\/\\\/www.tepcomp.fi\\\/de\\\/\"},{\"@type\":\"ListItem\",\"position\":2,\"name\":\"Tepcomp ist auf der Subunternehmermesse Alihankinta 2019 mit dabei\"}]},{\"@type\":\"WebSite\",\"@id\":\"https:\\\/\\\/www.tepcomp.fi\\\/#website\",\"url\":\"https:\\\/\\\/www.tepcomp.fi\\\/\",\"name\":\"Tepcomp Group\",\"description\":\"Elektroniikan sopimusvalmistaja\",\"potentialAction\":[{\"@type\":\"SearchAction\",\"target\":{\"@type\":\"EntryPoint\",\"urlTemplate\":\"https:\\\/\\\/www.tepcomp.fi\\\/?s={search_term_string}\"},\"query-input\":{\"@type\":\"PropertyValueSpecification\",\"valueRequired\":true,\"valueName\":\"search_term_string\"}}],\"inLanguage\":\"de\"},{\"@type\":\"Person\",\"@id\":\"https:\\\/\\\/www.tepcomp.fi\\\/#\\\/schema\\\/person\\\/cda481230323f1f0a2b8a27beda73fb6\",\"name\":\"hi-admin\",\"image\":{\"@type\":\"ImageObject\",\"inLanguage\":\"de\",\"@id\":\"https:\\\/\\\/secure.gravatar.com\\\/avatar\\\/0f11440e0f6220171c809bf7fd636a7cbd2332e7b35e9e3afe203c3f87447600?s=96&d=mm&r=g\",\"url\":\"https:\\\/\\\/secure.gravatar.com\\\/avatar\\\/0f11440e0f6220171c809bf7fd636a7cbd2332e7b35e9e3afe203c3f87447600?s=96&d=mm&r=g\",\"contentUrl\":\"https:\\\/\\\/secure.gravatar.com\\\/avatar\\\/0f11440e0f6220171c809bf7fd636a7cbd2332e7b35e9e3afe203c3f87447600?s=96&d=mm&r=g\",\"caption\":\"hi-admin\"}}]}<\/script>\n<!-- \/ Yoast SEO plugin. -->","yoast_head_json":{"title":"Tepcomp ist auf der Subunternehmermesse Alihankinta 2019 mit dabei - Tepcomp Group","robots":{"index":"noindex","follow":"follow"},"og_locale":"de_DE","og_type":"article","og_title":"Tepcomp ist auf der Subunternehmermesse Alihankinta 2019 mit dabei - Tepcomp Group","og_description":"[vc_row type=&#8220;in_container&#8220; full_screen_row_position=&#8220;middle&#8220; column_margin=&#8220;default&#8220; scene_position=&#8220;center&#8220; text_color=&#8220;dark&#8220; text_align=&#8220;left&#8220; overlay_strength=&#8220;0.3&#8243; shape_divider_position=&#8220;bottom&#8220; bg_image_animation=&#8220;none&#8220;][vc_column column_padding=&#8220;no-extra-padding&#8220; column_padding_position=&#8220;all&#8220; background_color_opacity=&#8220;1&#8243; background_hover_color_opacity=&#8220;1&#8243; column_link_target=&#8220;_self&#8220; column_shadow=&#8220;none&#8220; column_border_radius=&#8220;none&#8220; width=&#8220;1\/1&#8243; tablet_width_inherit=&#8220;default&#8220; tablet_text_alignment=&#8220;default&#8220; phone_text_alignment=&#8220;default&#8220; overlay_strength=&#8220;0.3&#8243; column_border_width=&#8220;none&#8220; column_border_style=&#8220;solid&#8220; bg_image_animation=&#8220;none&#8220;][vc_column_text] Subunternehmermesse Alihankinta 24.-26.9.2019 in Tampere...","og_url":"https:\/\/www.tepcomp.fi\/tepcomp-mukana-alihankinta-2019-messuilla\/","og_site_name":"Tepcomp Group","article_published_time":"2019-09-19T08:54:08+00:00","article_modified_time":"2020-02-20T15:31:47+00:00","og_image":[{"width":1400,"height":844,"url":"https:\/\/www.tepcomp.fi\/wp-content\/uploads\/2019\/09\/Tepcomp_Alihankinta-2019.jpg","type":"image\/jpeg"}],"author":"hi-admin","twitter_card":"summary_large_image","twitter_misc":{"Verfasst von":"hi-admin","Gesch\u00e4tzte Lesezeit":"1\u00a0Minute"},"schema":{"@context":"https:\/\/schema.org","@graph":[{"@type":"Article","@id":"https:\/\/www.tepcomp.fi\/tepcomp-mukana-alihankinta-2019-messuilla\/#article","isPartOf":{"@id":"https:\/\/www.tepcomp.fi\/tepcomp-mukana-alihankinta-2019-messuilla\/"},"author":{"name":"hi-admin","@id":"https:\/\/www.tepcomp.fi\/#\/schema\/person\/cda481230323f1f0a2b8a27beda73fb6"},"headline":"Tepcomp ist auf der Subunternehmermesse Alihankinta 2019 mit dabei","datePublished":"2019-09-19T08:54:08+00:00","dateModified":"2020-02-20T15:31:47+00:00","mainEntityOfPage":{"@id":"https:\/\/www.tepcomp.fi\/tepcomp-mukana-alihankinta-2019-messuilla\/"},"wordCount":282,"image":{"@id":"https:\/\/www.tepcomp.fi\/tepcomp-mukana-alihankinta-2019-messuilla\/#primaryimage"},"thumbnailUrl":"https:\/\/www.tepcomp.fi\/wp-content\/uploads\/2019\/09\/Tepcomp_Alihankinta-2019.jpg","articleSection":["Tepcomp Group"],"inLanguage":"de"},{"@type":"WebPage","@id":"https:\/\/www.tepcomp.fi\/tepcomp-mukana-alihankinta-2019-messuilla\/","url":"https:\/\/www.tepcomp.fi\/tepcomp-mukana-alihankinta-2019-messuilla\/","name":"Tepcomp ist auf der Subunternehmermesse Alihankinta 2019 mit dabei - Tepcomp Group","isPartOf":{"@id":"https:\/\/www.tepcomp.fi\/#website"},"primaryImageOfPage":{"@id":"https:\/\/www.tepcomp.fi\/tepcomp-mukana-alihankinta-2019-messuilla\/#primaryimage"},"image":{"@id":"https:\/\/www.tepcomp.fi\/tepcomp-mukana-alihankinta-2019-messuilla\/#primaryimage"},"thumbnailUrl":"https:\/\/www.tepcomp.fi\/wp-content\/uploads\/2019\/09\/Tepcomp_Alihankinta-2019.jpg","datePublished":"2019-09-19T08:54:08+00:00","dateModified":"2020-02-20T15:31:47+00:00","author":{"@id":"https:\/\/www.tepcomp.fi\/#\/schema\/person\/cda481230323f1f0a2b8a27beda73fb6"},"breadcrumb":{"@id":"https:\/\/www.tepcomp.fi\/tepcomp-mukana-alihankinta-2019-messuilla\/#breadcrumb"},"inLanguage":"de","potentialAction":[{"@type":"ReadAction","target":["https:\/\/www.tepcomp.fi\/tepcomp-mukana-alihankinta-2019-messuilla\/"]}]},{"@type":"ImageObject","inLanguage":"de","@id":"https:\/\/www.tepcomp.fi\/tepcomp-mukana-alihankinta-2019-messuilla\/#primaryimage","url":"https:\/\/www.tepcomp.fi\/wp-content\/uploads\/2019\/09\/Tepcomp_Alihankinta-2019.jpg","contentUrl":"https:\/\/www.tepcomp.fi\/wp-content\/uploads\/2019\/09\/Tepcomp_Alihankinta-2019.jpg","width":1400,"height":844},{"@type":"BreadcrumbList","@id":"https:\/\/www.tepcomp.fi\/tepcomp-mukana-alihankinta-2019-messuilla\/#breadcrumb","itemListElement":[{"@type":"ListItem","position":1,"name":"Home","item":"https:\/\/www.tepcomp.fi\/de\/"},{"@type":"ListItem","position":2,"name":"Tepcomp ist auf der Subunternehmermesse Alihankinta 2019 mit dabei"}]},{"@type":"WebSite","@id":"https:\/\/www.tepcomp.fi\/#website","url":"https:\/\/www.tepcomp.fi\/","name":"Tepcomp Group","description":"Elektroniikan sopimusvalmistaja","potentialAction":[{"@type":"SearchAction","target":{"@type":"EntryPoint","urlTemplate":"https:\/\/www.tepcomp.fi\/?s={search_term_string}"},"query-input":{"@type":"PropertyValueSpecification","valueRequired":true,"valueName":"search_term_string"}}],"inLanguage":"de"},{"@type":"Person","@id":"https:\/\/www.tepcomp.fi\/#\/schema\/person\/cda481230323f1f0a2b8a27beda73fb6","name":"hi-admin","image":{"@type":"ImageObject","inLanguage":"de","@id":"https:\/\/secure.gravatar.com\/avatar\/0f11440e0f6220171c809bf7fd636a7cbd2332e7b35e9e3afe203c3f87447600?s=96&d=mm&r=g","url":"https:\/\/secure.gravatar.com\/avatar\/0f11440e0f6220171c809bf7fd636a7cbd2332e7b35e9e3afe203c3f87447600?s=96&d=mm&r=g","contentUrl":"https:\/\/secure.gravatar.com\/avatar\/0f11440e0f6220171c809bf7fd636a7cbd2332e7b35e9e3afe203c3f87447600?s=96&d=mm&r=g","caption":"hi-admin"}}]}},"_links":{"self":[{"href":"https:\/\/www.tepcomp.fi\/de\/wp-json\/wp\/v2\/posts\/8154","targetHints":{"allow":["GET"]}}],"collection":[{"href":"https:\/\/www.tepcomp.fi\/de\/wp-json\/wp\/v2\/posts"}],"about":[{"href":"https:\/\/www.tepcomp.fi\/de\/wp-json\/wp\/v2\/types\/post"}],"author":[{"embeddable":true,"href":"https:\/\/www.tepcomp.fi\/de\/wp-json\/wp\/v2\/users\/5"}],"replies":[{"embeddable":true,"href":"https:\/\/www.tepcomp.fi\/de\/wp-json\/wp\/v2\/comments?post=8154"}],"version-history":[{"count":3,"href":"https:\/\/www.tepcomp.fi\/de\/wp-json\/wp\/v2\/posts\/8154\/revisions"}],"predecessor-version":[{"id":8160,"href":"https:\/\/www.tepcomp.fi\/de\/wp-json\/wp\/v2\/posts\/8154\/revisions\/8160"}],"wp:featuredmedia":[{"embeddable":true,"href":"https:\/\/www.tepcomp.fi\/de\/wp-json\/wp\/v2\/media\/7466"}],"wp:attachment":[{"href":"https:\/\/www.tepcomp.fi\/de\/wp-json\/wp\/v2\/media?parent=8154"}],"wp:term":[{"taxonomy":"category","embeddable":true,"href":"https:\/\/www.tepcomp.fi\/de\/wp-json\/wp\/v2\/categories?post=8154"},{"taxonomy":"post_tag","embeddable":true,"href":"https:\/\/www.tepcomp.fi\/de\/wp-json\/wp\/v2\/tags?post=8154"}],"curies":[{"name":"wp","href":"https:\/\/api.w.org\/{rel}","templated":true}]}}