{"id":8156,"date":"2019-03-29T12:04:40","date_gmt":"2019-03-29T10:04:40","guid":{"rendered":"http:\/\/uusi.tepcomp.fi\/2019\/03\/29\/activepaq-2-ft-top-5-benefits\/"},"modified":"2020-02-20T17:27:11","modified_gmt":"2020-02-20T15:27:11","slug":"activepaq-2-ft-top-5-benefits","status":"publish","type":"post","link":"https:\/\/www.tepcomp.fi\/de\/activepaq-2-ft-top-5-benefits\/","title":{"rendered":"ActivePAQ 2 ft. Die 5 Spitzenvorteile"},"content":{"rendered":"[vc_row type=&#8220;in_container&#8220; full_screen_row_position=&#8220;middle&#8220; column_margin=&#8220;default&#8220; scene_position=&#8220;center&#8220; text_color=&#8220;dark&#8220; text_align=&#8220;left&#8220; overlay_strength=&#8220;0.3&#8243; shape_divider_position=&#8220;bottom&#8220; bg_image_animation=&#8220;none&#8220;][vc_column column_padding=&#8220;no-extra-padding&#8220; column_padding_position=&#8220;all&#8220; background_color_opacity=&#8220;1&#8243; background_hover_color_opacity=&#8220;1&#8243; column_link_target=&#8220;_self&#8220; column_shadow=&#8220;none&#8220; column_border_radius=&#8220;none&#8220; width=&#8220;1\/1&#8243; tablet_width_inherit=&#8220;default&#8220; tablet_text_alignment=&#8220;default&#8220; phone_text_alignment=&#8220;default&#8220; overlay_strength=&#8220;0.3&#8243; column_border_width=&#8220;none&#8220; column_border_style=&#8220;solid&#8220; bg_image_animation=&#8220;none&#8220;][vc_column_text]\n<h1 class=\"entry-title\" data-fontsize=\"20\" data-lineheight=\"28\">ActivePAQ 2 ft. Die 5 Spitzenvorteile<\/h1>\n[\/vc_column_text][vc_column_text]\n<h2 class=\"title-heading-left\" data-fontsize=\"32\" data-lineheight=\"41\">Verwenden Sie immer noch separate Stromquellen (Treiber) in Ihren LED-Leuchtendesigns?<\/h2>\n[\/vc_column_text][vc_column_text]Tepcomp bietet jetzt 2 ft Driver-on-Board-LED-Module mit coolen Funktionen, die das Design und die Herstellung von linearen LED-Leuchten erheblich vereinfachen. Die ausgew\u00e4hlten H\u00f6hepunkte der Schl\u00fcsselmerkmale dieser DOB-LED-Platinen sind:[\/vc_column_text][divider line_type=&#8220;No Line&#8220; custom_height=&#8220;20&#8243;]<div class=\"nectar-fancy-ul\" data-list-icon=\"none\" data-animation=\"false\" data-animation-delay=\"0\" data-color=\"accent-color\" data-spacing=\"default\" data-alignment=\"left\"> \n<ul>\n<li>Es ist kein separater LED-Treiber notwendig, da diese LED-Platinen direkt mit 230V-AC betrieben werden k\u00f6nnen. Dies vereinfacht die Mechanik und Montage der Leuchte erheblich.<\/li>\n<li>Keine Komponenten auf der Unterseite der LED-Platine. Dies macht die mechanische Integration von ActivePAQ-LED-Platinen fast genauso einfach wie die passive Integration von LED-Platinen.<\/li>\n<li>Keine Einschaltstromspitzen. Dies bedeutet geringere Installationskosten, da mehr Leuchten hinter einem einzigen Leistungsschalter angeschlossen werden k\u00f6nnen.<\/li>\n<li>Sehr flache einseitige Platte (&lt; 17 mm Gesamth\u00f6he). Dies erm\u00f6glicht \u00e4u\u00dferst flache LED-Leuchten f\u00fcr Installationen mit begrenzter Dachh\u00f6he.<\/li>\n<li>Bis zu 12 Stk. ActivePAQ-Platinen \u00e0 2 ft k\u00f6nnen \u00fcber einen einzigen Netzeingang in Reihe geschaltet werden. Dies erm\u00f6glicht lange Lichtschienen zwischen 2 ft und 24 ft von nur einem Netzeingang aus.<\/li>\n<\/ul>\n <\/div>[vc_column_text]\n<h4 data-fontsize=\"20\" data-lineheight=\"29\"><span lang=\"EN-US\">Wenn Sie mehr \u00fcber diese coolen 230V-AC-LED-Platinen mit Direktantrieb erfahren m\u00f6chten, wenden Sie sich bitte an unsere Mitarbeiter vom Vertrieb Peter Stenberg oder Petri Haanp\u00e4\u00e4.<\/span><\/h4>\n[\/vc_column_text][vc_row_inner column_margin=&#8220;default&#8220; text_align=&#8220;left&#8220;][vc_column_inner column_padding=&#8220;no-extra-padding&#8220; column_padding_position=&#8220;all&#8220; background_color_opacity=&#8220;1&#8243; background_hover_color_opacity=&#8220;1&#8243; column_shadow=&#8220;none&#8220; column_border_radius=&#8220;none&#8220; column_link_target=&#8220;_self&#8220; width=&#8220;1\/2&#8243; tablet_width_inherit=&#8220;default&#8220; overlay_strength=&#8220;0.3&#8243; column_border_width=&#8220;none&#8220; column_border_style=&#8220;solid&#8220; bg_image_animation=&#8220;none&#8220;][vc_column_text]<strong>Peter Stenberg<\/strong><br \/>\nGesch\u00e4ftsentwicklungsmanager f\u00fcr Europa<br \/>\n<em>(B\u00fcro in Malm\u00f6, Schweden)<\/em><br \/>\n+46 (0)70 221 7540<br \/>\n<a class=\"emo_address\" href=\"mailto:peter.stenberg@tepcomp.fi\">peter.stenberg@tepcomp.fi<\/a>[\/vc_column_text][\/vc_column_inner][vc_column_inner column_padding=&#8220;no-extra-padding&#8220; column_padding_position=&#8220;all&#8220; background_color_opacity=&#8220;1&#8243; background_hover_color_opacity=&#8220;1&#8243; column_shadow=&#8220;none&#8220; column_border_radius=&#8220;none&#8220; column_link_target=&#8220;_self&#8220; width=&#8220;1\/2&#8243; tablet_width_inherit=&#8220;default&#8220; overlay_strength=&#8220;0.3&#8243; column_border_width=&#8220;none&#8220; column_border_style=&#8220;solid&#8220; bg_image_animation=&#8220;none&#8220;][vc_column_text]<strong>Petri Haanp\u00e4\u00e4<\/strong><br \/>\nAccount-Director, Beleuchtung<br \/>\n+358 (0)40 502 8200<br \/>\n<span id=\"_emoaddrId2\" class=\"emo_address\"><a class=\"emo_address\" href=\"mailto:petri.haanpaa@tepcomp.fi\">petri.haanpaa@tepcomp.fi<\/a><\/span>[\/vc_column_text][\/vc_column_inner][\/vc_row_inner][\/vc_column][\/vc_row]\n","protected":false},"excerpt":{"rendered":"<p>[vc_row type=&#8220;in_container&#8220; full_screen_row_position=&#8220;middle&#8220; column_margin=&#8220;default&#8220; scene_position=&#8220;center&#8220; text_color=&#8220;dark&#8220; text_align=&#8220;left&#8220; overlay_strength=&#8220;0.3&#8243; shape_divider_position=&#8220;bottom&#8220; bg_image_animation=&#8220;none&#8220;][vc_column column_padding=&#8220;no-extra-padding&#8220; column_padding_position=&#8220;all&#8220; background_color_opacity=&#8220;1&#8243; background_hover_color_opacity=&#8220;1&#8243; column_link_target=&#8220;_self&#8220; column_shadow=&#8220;none&#8220; column_border_radius=&#8220;none&#8220; width=&#8220;1\/1&#8243; tablet_width_inherit=&#8220;default&#8220; tablet_text_alignment=&#8220;default&#8220; phone_text_alignment=&#8220;default&#8220; overlay_strength=&#8220;0.3&#8243; column_border_width=&#8220;none&#8220; column_border_style=&#8220;solid&#8220; bg_image_animation=&#8220;none&#8220;][vc_column_text] ActivePAQ 2 ft. Die 5&#8230;<\/p>\n","protected":false},"author":5,"featured_media":7621,"comment_status":"closed","ping_status":"closed","sticky":false,"template":"","format":"standard","meta":{"footnotes":""},"categories":[18],"tags":[],"class_list":{"0":"post-8156","1":"post","2":"type-post","3":"status-publish","4":"format-standard","5":"has-post-thumbnail","7":"category-tepcompgroup-de"},"yoast_head":"<!-- This site is optimized with the Yoast SEO plugin v27.4 - https:\/\/yoast.com\/product\/yoast-seo-wordpress\/ -->\n<title>ActivePAQ 2 ft. Die 5 Spitzenvorteile - Tepcomp Group<\/title>\n<meta name=\"robots\" content=\"noindex, follow\" \/>\n<meta property=\"og:locale\" content=\"de_DE\" \/>\n<meta property=\"og:type\" content=\"article\" \/>\n<meta property=\"og:title\" content=\"ActivePAQ 2 ft. Die 5 Spitzenvorteile - Tepcomp Group\" \/>\n<meta property=\"og:description\" content=\"[vc_row type=&#8220;in_container&#8220; full_screen_row_position=&#8220;middle&#8220; column_margin=&#8220;default&#8220; scene_position=&#8220;center&#8220; text_color=&#8220;dark&#8220; text_align=&#8220;left&#8220; overlay_strength=&#8220;0.3&#8243; shape_divider_position=&#8220;bottom&#8220; bg_image_animation=&#8220;none&#8220;][vc_column column_padding=&#8220;no-extra-padding&#8220; column_padding_position=&#8220;all&#8220; background_color_opacity=&#8220;1&#8243; background_hover_color_opacity=&#8220;1&#8243; column_link_target=&#8220;_self&#8220; column_shadow=&#8220;none&#8220; column_border_radius=&#8220;none&#8220; width=&#8220;1\/1&#8243; tablet_width_inherit=&#8220;default&#8220; tablet_text_alignment=&#8220;default&#8220; phone_text_alignment=&#8220;default&#8220; overlay_strength=&#8220;0.3&#8243; column_border_width=&#8220;none&#8220; column_border_style=&#8220;solid&#8220; bg_image_animation=&#8220;none&#8220;][vc_column_text] ActivePAQ 2 ft. Die 5...\" \/>\n<meta property=\"og:url\" content=\"https:\/\/www.tepcomp.fi\/de\/activepaq-2-ft-top-5-benefits\/\" \/>\n<meta property=\"og:site_name\" content=\"Tepcomp Group\" \/>\n<meta property=\"article:published_time\" content=\"2019-03-29T10:04:40+00:00\" \/>\n<meta property=\"article:modified_time\" content=\"2020-02-20T15:27:11+00:00\" \/>\n<meta property=\"og:image\" content=\"https:\/\/www.tepcomp.fi\/wp-content\/uploads\/2019\/03\/ActivePAQ-top5-benefitsjpg.jpg\" \/>\n\t<meta property=\"og:image:width\" content=\"1400\" \/>\n\t<meta property=\"og:image:height\" content=\"844\" \/>\n\t<meta property=\"og:image:type\" content=\"image\/jpeg\" \/>\n<meta name=\"author\" content=\"hi-admin\" \/>\n<meta name=\"twitter:card\" content=\"summary_large_image\" \/>\n<meta name=\"twitter:label1\" content=\"Verfasst von\" \/>\n\t<meta name=\"twitter:data1\" content=\"hi-admin\" \/>\n\t<meta name=\"twitter:label2\" content=\"Gesch\u00e4tzte Lesezeit\" \/>\n\t<meta name=\"twitter:data2\" content=\"2\u00a0Minuten\" \/>\n<script type=\"application\/ld+json\" class=\"yoast-schema-graph\">{\"@context\":\"https:\\\/\\\/schema.org\",\"@graph\":[{\"@type\":\"Article\",\"@id\":\"https:\\\/\\\/www.tepcomp.fi\\\/de\\\/activepaq-2-ft-top-5-benefits\\\/#article\",\"isPartOf\":{\"@id\":\"https:\\\/\\\/www.tepcomp.fi\\\/de\\\/activepaq-2-ft-top-5-benefits\\\/\"},\"author\":{\"name\":\"hi-admin\",\"@id\":\"https:\\\/\\\/www.tepcomp.fi\\\/#\\\/schema\\\/person\\\/cda481230323f1f0a2b8a27beda73fb6\"},\"headline\":\"ActivePAQ 2 ft. Die 5 Spitzenvorteile\",\"datePublished\":\"2019-03-29T10:04:40+00:00\",\"dateModified\":\"2020-02-20T15:27:11+00:00\",\"mainEntityOfPage\":{\"@id\":\"https:\\\/\\\/www.tepcomp.fi\\\/de\\\/activepaq-2-ft-top-5-benefits\\\/\"},\"wordCount\":468,\"image\":{\"@id\":\"https:\\\/\\\/www.tepcomp.fi\\\/de\\\/activepaq-2-ft-top-5-benefits\\\/#primaryimage\"},\"thumbnailUrl\":\"https:\\\/\\\/www.tepcomp.fi\\\/wp-content\\\/uploads\\\/2019\\\/03\\\/ActivePAQ-top5-benefitsjpg.jpg\",\"articleSection\":[\"Tepcomp Group\"],\"inLanguage\":\"de\"},{\"@type\":\"WebPage\",\"@id\":\"https:\\\/\\\/www.tepcomp.fi\\\/de\\\/activepaq-2-ft-top-5-benefits\\\/\",\"url\":\"https:\\\/\\\/www.tepcomp.fi\\\/de\\\/activepaq-2-ft-top-5-benefits\\\/\",\"name\":\"ActivePAQ 2 ft. Die 5 Spitzenvorteile - Tepcomp Group\",\"isPartOf\":{\"@id\":\"https:\\\/\\\/www.tepcomp.fi\\\/#website\"},\"primaryImageOfPage\":{\"@id\":\"https:\\\/\\\/www.tepcomp.fi\\\/de\\\/activepaq-2-ft-top-5-benefits\\\/#primaryimage\"},\"image\":{\"@id\":\"https:\\\/\\\/www.tepcomp.fi\\\/de\\\/activepaq-2-ft-top-5-benefits\\\/#primaryimage\"},\"thumbnailUrl\":\"https:\\\/\\\/www.tepcomp.fi\\\/wp-content\\\/uploads\\\/2019\\\/03\\\/ActivePAQ-top5-benefitsjpg.jpg\",\"datePublished\":\"2019-03-29T10:04:40+00:00\",\"dateModified\":\"2020-02-20T15:27:11+00:00\",\"author\":{\"@id\":\"https:\\\/\\\/www.tepcomp.fi\\\/#\\\/schema\\\/person\\\/cda481230323f1f0a2b8a27beda73fb6\"},\"breadcrumb\":{\"@id\":\"https:\\\/\\\/www.tepcomp.fi\\\/de\\\/activepaq-2-ft-top-5-benefits\\\/#breadcrumb\"},\"inLanguage\":\"de\",\"potentialAction\":[{\"@type\":\"ReadAction\",\"target\":[\"https:\\\/\\\/www.tepcomp.fi\\\/de\\\/activepaq-2-ft-top-5-benefits\\\/\"]}]},{\"@type\":\"ImageObject\",\"inLanguage\":\"de\",\"@id\":\"https:\\\/\\\/www.tepcomp.fi\\\/de\\\/activepaq-2-ft-top-5-benefits\\\/#primaryimage\",\"url\":\"https:\\\/\\\/www.tepcomp.fi\\\/wp-content\\\/uploads\\\/2019\\\/03\\\/ActivePAQ-top5-benefitsjpg.jpg\",\"contentUrl\":\"https:\\\/\\\/www.tepcomp.fi\\\/wp-content\\\/uploads\\\/2019\\\/03\\\/ActivePAQ-top5-benefitsjpg.jpg\",\"width\":1400,\"height\":844,\"caption\":\"Innovatiivinen teollisuuden sopimusvalmistaja, L\u00e4\u00e4kinn\u00e4lliset laitteet (EMS), LED-elektroniikka, Teollisuuselektroniikka, LED-modulit ja -driverit, Medical Electronics, Healthcare electronics, LED lighting, Design for manufacturing, Contract manufacturing service, Products in low and medium volumes\"},{\"@type\":\"BreadcrumbList\",\"@id\":\"https:\\\/\\\/www.tepcomp.fi\\\/de\\\/activepaq-2-ft-top-5-benefits\\\/#breadcrumb\",\"itemListElement\":[{\"@type\":\"ListItem\",\"position\":1,\"name\":\"Home\",\"item\":\"https:\\\/\\\/www.tepcomp.fi\\\/de\\\/\"},{\"@type\":\"ListItem\",\"position\":2,\"name\":\"ActivePAQ 2 ft. Die 5 Spitzenvorteile\"}]},{\"@type\":\"WebSite\",\"@id\":\"https:\\\/\\\/www.tepcomp.fi\\\/#website\",\"url\":\"https:\\\/\\\/www.tepcomp.fi\\\/\",\"name\":\"Tepcomp Group\",\"description\":\"Elektroniikan sopimusvalmistaja\",\"potentialAction\":[{\"@type\":\"SearchAction\",\"target\":{\"@type\":\"EntryPoint\",\"urlTemplate\":\"https:\\\/\\\/www.tepcomp.fi\\\/?s={search_term_string}\"},\"query-input\":{\"@type\":\"PropertyValueSpecification\",\"valueRequired\":true,\"valueName\":\"search_term_string\"}}],\"inLanguage\":\"de\"},{\"@type\":\"Person\",\"@id\":\"https:\\\/\\\/www.tepcomp.fi\\\/#\\\/schema\\\/person\\\/cda481230323f1f0a2b8a27beda73fb6\",\"name\":\"hi-admin\",\"image\":{\"@type\":\"ImageObject\",\"inLanguage\":\"de\",\"@id\":\"https:\\\/\\\/secure.gravatar.com\\\/avatar\\\/0f11440e0f6220171c809bf7fd636a7cbd2332e7b35e9e3afe203c3f87447600?s=96&d=mm&r=g\",\"url\":\"https:\\\/\\\/secure.gravatar.com\\\/avatar\\\/0f11440e0f6220171c809bf7fd636a7cbd2332e7b35e9e3afe203c3f87447600?s=96&d=mm&r=g\",\"contentUrl\":\"https:\\\/\\\/secure.gravatar.com\\\/avatar\\\/0f11440e0f6220171c809bf7fd636a7cbd2332e7b35e9e3afe203c3f87447600?s=96&d=mm&r=g\",\"caption\":\"hi-admin\"}}]}<\/script>\n<!-- \/ Yoast SEO plugin. -->","yoast_head_json":{"title":"ActivePAQ 2 ft. Die 5 Spitzenvorteile - Tepcomp Group","robots":{"index":"noindex","follow":"follow"},"og_locale":"de_DE","og_type":"article","og_title":"ActivePAQ 2 ft. Die 5 Spitzenvorteile - Tepcomp Group","og_description":"[vc_row type=&#8220;in_container&#8220; full_screen_row_position=&#8220;middle&#8220; column_margin=&#8220;default&#8220; scene_position=&#8220;center&#8220; text_color=&#8220;dark&#8220; text_align=&#8220;left&#8220; overlay_strength=&#8220;0.3&#8243; shape_divider_position=&#8220;bottom&#8220; bg_image_animation=&#8220;none&#8220;][vc_column column_padding=&#8220;no-extra-padding&#8220; column_padding_position=&#8220;all&#8220; background_color_opacity=&#8220;1&#8243; background_hover_color_opacity=&#8220;1&#8243; column_link_target=&#8220;_self&#8220; column_shadow=&#8220;none&#8220; column_border_radius=&#8220;none&#8220; width=&#8220;1\/1&#8243; tablet_width_inherit=&#8220;default&#8220; tablet_text_alignment=&#8220;default&#8220; phone_text_alignment=&#8220;default&#8220; overlay_strength=&#8220;0.3&#8243; column_border_width=&#8220;none&#8220; column_border_style=&#8220;solid&#8220; bg_image_animation=&#8220;none&#8220;][vc_column_text] ActivePAQ 2 ft. Die 5...","og_url":"https:\/\/www.tepcomp.fi\/de\/activepaq-2-ft-top-5-benefits\/","og_site_name":"Tepcomp Group","article_published_time":"2019-03-29T10:04:40+00:00","article_modified_time":"2020-02-20T15:27:11+00:00","og_image":[{"width":1400,"height":844,"url":"https:\/\/www.tepcomp.fi\/wp-content\/uploads\/2019\/03\/ActivePAQ-top5-benefitsjpg.jpg","type":"image\/jpeg"}],"author":"hi-admin","twitter_card":"summary_large_image","twitter_misc":{"Verfasst von":"hi-admin","Gesch\u00e4tzte Lesezeit":"2\u00a0Minuten"},"schema":{"@context":"https:\/\/schema.org","@graph":[{"@type":"Article","@id":"https:\/\/www.tepcomp.fi\/de\/activepaq-2-ft-top-5-benefits\/#article","isPartOf":{"@id":"https:\/\/www.tepcomp.fi\/de\/activepaq-2-ft-top-5-benefits\/"},"author":{"name":"hi-admin","@id":"https:\/\/www.tepcomp.fi\/#\/schema\/person\/cda481230323f1f0a2b8a27beda73fb6"},"headline":"ActivePAQ 2 ft. Die 5 Spitzenvorteile","datePublished":"2019-03-29T10:04:40+00:00","dateModified":"2020-02-20T15:27:11+00:00","mainEntityOfPage":{"@id":"https:\/\/www.tepcomp.fi\/de\/activepaq-2-ft-top-5-benefits\/"},"wordCount":468,"image":{"@id":"https:\/\/www.tepcomp.fi\/de\/activepaq-2-ft-top-5-benefits\/#primaryimage"},"thumbnailUrl":"https:\/\/www.tepcomp.fi\/wp-content\/uploads\/2019\/03\/ActivePAQ-top5-benefitsjpg.jpg","articleSection":["Tepcomp Group"],"inLanguage":"de"},{"@type":"WebPage","@id":"https:\/\/www.tepcomp.fi\/de\/activepaq-2-ft-top-5-benefits\/","url":"https:\/\/www.tepcomp.fi\/de\/activepaq-2-ft-top-5-benefits\/","name":"ActivePAQ 2 ft. Die 5 Spitzenvorteile - Tepcomp Group","isPartOf":{"@id":"https:\/\/www.tepcomp.fi\/#website"},"primaryImageOfPage":{"@id":"https:\/\/www.tepcomp.fi\/de\/activepaq-2-ft-top-5-benefits\/#primaryimage"},"image":{"@id":"https:\/\/www.tepcomp.fi\/de\/activepaq-2-ft-top-5-benefits\/#primaryimage"},"thumbnailUrl":"https:\/\/www.tepcomp.fi\/wp-content\/uploads\/2019\/03\/ActivePAQ-top5-benefitsjpg.jpg","datePublished":"2019-03-29T10:04:40+00:00","dateModified":"2020-02-20T15:27:11+00:00","author":{"@id":"https:\/\/www.tepcomp.fi\/#\/schema\/person\/cda481230323f1f0a2b8a27beda73fb6"},"breadcrumb":{"@id":"https:\/\/www.tepcomp.fi\/de\/activepaq-2-ft-top-5-benefits\/#breadcrumb"},"inLanguage":"de","potentialAction":[{"@type":"ReadAction","target":["https:\/\/www.tepcomp.fi\/de\/activepaq-2-ft-top-5-benefits\/"]}]},{"@type":"ImageObject","inLanguage":"de","@id":"https:\/\/www.tepcomp.fi\/de\/activepaq-2-ft-top-5-benefits\/#primaryimage","url":"https:\/\/www.tepcomp.fi\/wp-content\/uploads\/2019\/03\/ActivePAQ-top5-benefitsjpg.jpg","contentUrl":"https:\/\/www.tepcomp.fi\/wp-content\/uploads\/2019\/03\/ActivePAQ-top5-benefitsjpg.jpg","width":1400,"height":844,"caption":"Innovatiivinen teollisuuden sopimusvalmistaja, L\u00e4\u00e4kinn\u00e4lliset laitteet (EMS), LED-elektroniikka, Teollisuuselektroniikka, LED-modulit ja -driverit, Medical Electronics, Healthcare electronics, LED lighting, Design for manufacturing, Contract manufacturing service, Products in low and medium volumes"},{"@type":"BreadcrumbList","@id":"https:\/\/www.tepcomp.fi\/de\/activepaq-2-ft-top-5-benefits\/#breadcrumb","itemListElement":[{"@type":"ListItem","position":1,"name":"Home","item":"https:\/\/www.tepcomp.fi\/de\/"},{"@type":"ListItem","position":2,"name":"ActivePAQ 2 ft. Die 5 Spitzenvorteile"}]},{"@type":"WebSite","@id":"https:\/\/www.tepcomp.fi\/#website","url":"https:\/\/www.tepcomp.fi\/","name":"Tepcomp Group","description":"Elektroniikan sopimusvalmistaja","potentialAction":[{"@type":"SearchAction","target":{"@type":"EntryPoint","urlTemplate":"https:\/\/www.tepcomp.fi\/?s={search_term_string}"},"query-input":{"@type":"PropertyValueSpecification","valueRequired":true,"valueName":"search_term_string"}}],"inLanguage":"de"},{"@type":"Person","@id":"https:\/\/www.tepcomp.fi\/#\/schema\/person\/cda481230323f1f0a2b8a27beda73fb6","name":"hi-admin","image":{"@type":"ImageObject","inLanguage":"de","@id":"https:\/\/secure.gravatar.com\/avatar\/0f11440e0f6220171c809bf7fd636a7cbd2332e7b35e9e3afe203c3f87447600?s=96&d=mm&r=g","url":"https:\/\/secure.gravatar.com\/avatar\/0f11440e0f6220171c809bf7fd636a7cbd2332e7b35e9e3afe203c3f87447600?s=96&d=mm&r=g","contentUrl":"https:\/\/secure.gravatar.com\/avatar\/0f11440e0f6220171c809bf7fd636a7cbd2332e7b35e9e3afe203c3f87447600?s=96&d=mm&r=g","caption":"hi-admin"}}]}},"_links":{"self":[{"href":"https:\/\/www.tepcomp.fi\/de\/wp-json\/wp\/v2\/posts\/8156","targetHints":{"allow":["GET"]}}],"collection":[{"href":"https:\/\/www.tepcomp.fi\/de\/wp-json\/wp\/v2\/posts"}],"about":[{"href":"https:\/\/www.tepcomp.fi\/de\/wp-json\/wp\/v2\/types\/post"}],"author":[{"embeddable":true,"href":"https:\/\/www.tepcomp.fi\/de\/wp-json\/wp\/v2\/users\/5"}],"replies":[{"embeddable":true,"href":"https:\/\/www.tepcomp.fi\/de\/wp-json\/wp\/v2\/comments?post=8156"}],"version-history":[{"count":2,"href":"https:\/\/www.tepcomp.fi\/de\/wp-json\/wp\/v2\/posts\/8156\/revisions"}],"predecessor-version":[{"id":8158,"href":"https:\/\/www.tepcomp.fi\/de\/wp-json\/wp\/v2\/posts\/8156\/revisions\/8158"}],"wp:featuredmedia":[{"embeddable":true,"href":"https:\/\/www.tepcomp.fi\/de\/wp-json\/wp\/v2\/media\/7621"}],"wp:attachment":[{"href":"https:\/\/www.tepcomp.fi\/de\/wp-json\/wp\/v2\/media?parent=8156"}],"wp:term":[{"taxonomy":"category","embeddable":true,"href":"https:\/\/www.tepcomp.fi\/de\/wp-json\/wp\/v2\/categories?post=8156"},{"taxonomy":"post_tag","embeddable":true,"href":"https:\/\/www.tepcomp.fi\/de\/wp-json\/wp\/v2\/tags?post=8156"}],"curies":[{"name":"wp","href":"https:\/\/api.w.org\/{rel}","templated":true}]}}