{"id":7450,"date":"2018-10-03T12:01:05","date_gmt":"2018-10-03T09:01:05","guid":{"rendered":"http:\/\/uusi.tepcomp.fi\/2018\/10\/03\/tepcompille-myonnetty-kasvaja-sertifikaatti-2018\/"},"modified":"2020-02-18T15:10:03","modified_gmt":"2020-02-18T13:10:03","slug":"tepcompille-myonnetty-kasvaja-sertifikaatti-2018","status":"publish","type":"post","link":"https:\/\/www.tepcomp.fi\/sv\/tepcompille-myonnetty-kasvaja-sertifikaatti-2018\/","title":{"rendered":"Tepcomp bel\u00f6nades med Tillv\u00e4xtf\u00f6retag-certifikat 2018"},"content":{"rendered":"[vc_row type=&#8221;in_container&#8221; full_screen_row_position=&#8221;middle&#8221; column_margin=&#8221;default&#8221; scene_position=&#8221;center&#8221; text_color=&#8221;dark&#8221; text_align=&#8221;left&#8221; overlay_strength=&#8221;0.3&#8243; shape_divider_position=&#8221;bottom&#8221; bg_image_animation=&#8221;none&#8221;][vc_column column_padding=&#8221;no-extra-padding&#8221; column_padding_position=&#8221;all&#8221; background_color_opacity=&#8221;1&#8243; background_hover_color_opacity=&#8221;1&#8243; column_link_target=&#8221;_self&#8221; column_shadow=&#8221;none&#8221; column_border_radius=&#8221;none&#8221; width=&#8221;1\/1&#8243; tablet_width_inherit=&#8221;default&#8221; tablet_text_alignment=&#8221;default&#8221; phone_text_alignment=&#8221;default&#8221; overlay_strength=&#8221;0.3&#8243; column_border_width=&#8221;none&#8221; column_border_style=&#8221;solid&#8221; bg_image_animation=&#8221;none&#8221;][vc_column_text]\n<h2 class=\"entry-title\" data-fontsize=\"20\" data-lineheight=\"28\">Tepcomp bel\u00f6nades med Tillv\u00e4xtf\u00f6retag-certifikat 2018<\/h2>\n[\/vc_column_text][vc_column_text]\n<h3 data-fontsize=\"20\" data-lineheight=\"29\">Tepcomps verksamhet har vuxit m\u00e4rkbart under de tre senaste \u00e5ren och d\u00e4rf\u00f6r f\u00f6rtj\u00e4nat sin plats som Tillv\u00e4xt-f\u00f6retag.<\/h3>\n[\/vc_column_text][vc_column_text]\n<blockquote><p><em>\u201dF\u00f6retagets oms\u00e4ttning har \u00f6kat med en genomsnittlig \u00e5rlig takt p\u00e5 \u00f6ver 10 procentenheter under en tre\u00e5rsperiod och p\u00e5 grund av detta har Kauppalehti bel\u00f6nat Tepcomp med Tillv\u00e4xt-certifikat.\u201d<\/em><\/p><\/blockquote>\n<p>Tepcomps m\u00e5lmedvetna arbete som kontraktstillverkare av elektronik samt utvecklare och tillverkare av innovativa LED-ljusprodukter har b\u00f6rjat b\u00e4ra frukt. V\u00e5r aff\u00e4rsverksamhet har vuxit fr\u00e5n \u00e5r till \u00e5r, vilket visar p\u00e5 v\u00e5r f\u00f6rm\u00e5ga att skapa en framg\u00e5ngsrik aff\u00e4rsverksamhet. De tre senaste \u00e5ren har v\u00e5r verksamhet vuxit m\u00e4rkbart, och p\u00e5 grund av detta har Kauppalehti bel\u00f6nat Tepcomp med Tillv\u00e4xt-certifikat.<\/p>\n<p>V\u00e5r \u00e5rliga oms\u00e4ttning har v\u00e4xt betydligt \u00f6ver branschgenomsnittet. Vi tar med stolthet emot Kauppalehtis utm\u00e4rkelse och forts\u00e4tter \u00f6dmjukt p\u00e5 v\u00e5r framg\u00e5ngsrika v\u00e4g.[\/vc_column_text][divider line_type=&#8221;No Line&#8221; custom_height=&#8221;20&#8243;][\/vc_column][\/vc_row]\n","protected":false},"excerpt":{"rendered":"<p>[vc_row type=&#8221;in_container&#8221; full_screen_row_position=&#8221;middle&#8221; column_margin=&#8221;default&#8221; scene_position=&#8221;center&#8221; text_color=&#8221;dark&#8221; text_align=&#8221;left&#8221; overlay_strength=&#8221;0.3&#8243; shape_divider_position=&#8221;bottom&#8221; bg_image_animation=&#8221;none&#8221;][vc_column column_padding=&#8221;no-extra-padding&#8221; column_padding_position=&#8221;all&#8221; background_color_opacity=&#8221;1&#8243; background_hover_color_opacity=&#8221;1&#8243; column_link_target=&#8221;_self&#8221; column_shadow=&#8221;none&#8221; column_border_radius=&#8221;none&#8221; width=&#8221;1\/1&#8243; tablet_width_inherit=&#8221;default&#8221; tablet_text_alignment=&#8221;default&#8221; phone_text_alignment=&#8221;default&#8221; overlay_strength=&#8221;0.3&#8243; column_border_width=&#8221;none&#8221; column_border_style=&#8221;solid&#8221; bg_image_animation=&#8221;none&#8221;][vc_column_text] Tepcomp bel\u00f6nades med Tillv\u00e4xtf\u00f6retag-certifikat 2018&#8230;<\/p>\n","protected":false},"author":5,"featured_media":7451,"comment_status":"closed","ping_status":"closed","sticky":false,"template":"","format":"standard","meta":{"footnotes":""},"categories":[17],"tags":[],"class_list":{"0":"post-7450","1":"post","2":"type-post","3":"status-publish","4":"format-standard","5":"has-post-thumbnail","7":"category-tepcompgroup-se"},"yoast_head":"<!-- This site is optimized with the Yoast SEO plugin v27.4 - https:\/\/yoast.com\/product\/yoast-seo-wordpress\/ -->\n<title>Tepcomp bel\u00f6nades med Tillv\u00e4xtf\u00f6retag-certifikat 2018 - Tepcomp Group<\/title>\n<meta name=\"robots\" content=\"noindex, follow\" \/>\n<meta property=\"og:locale\" content=\"sv_SE\" \/>\n<meta property=\"og:type\" content=\"article\" \/>\n<meta property=\"og:title\" content=\"Tepcomp bel\u00f6nades med Tillv\u00e4xtf\u00f6retag-certifikat 2018 - Tepcomp Group\" \/>\n<meta property=\"og:description\" content=\"[vc_row type=&#8221;in_container&#8221; full_screen_row_position=&#8221;middle&#8221; column_margin=&#8221;default&#8221; scene_position=&#8221;center&#8221; text_color=&#8221;dark&#8221; text_align=&#8221;left&#8221; overlay_strength=&#8221;0.3&#8243; shape_divider_position=&#8221;bottom&#8221; bg_image_animation=&#8221;none&#8221;][vc_column column_padding=&#8221;no-extra-padding&#8221; column_padding_position=&#8221;all&#8221; background_color_opacity=&#8221;1&#8243; background_hover_color_opacity=&#8221;1&#8243; column_link_target=&#8221;_self&#8221; column_shadow=&#8221;none&#8221; column_border_radius=&#8221;none&#8221; width=&#8221;1\/1&#8243; tablet_width_inherit=&#8221;default&#8221; tablet_text_alignment=&#8221;default&#8221; phone_text_alignment=&#8221;default&#8221; overlay_strength=&#8221;0.3&#8243; column_border_width=&#8221;none&#8221; column_border_style=&#8221;solid&#8221; bg_image_animation=&#8221;none&#8221;][vc_column_text] Tepcomp bel\u00f6nades med Tillv\u00e4xtf\u00f6retag-certifikat 2018...\" \/>\n<meta property=\"og:url\" content=\"https:\/\/www.tepcomp.fi\/sv\/tepcompille-myonnetty-kasvaja-sertifikaatti-2018\/\" \/>\n<meta property=\"og:site_name\" content=\"Tepcomp Group\" \/>\n<meta property=\"article:published_time\" content=\"2018-10-03T09:01:05+00:00\" \/>\n<meta property=\"article:modified_time\" content=\"2020-02-18T13:10:03+00:00\" \/>\n<meta property=\"og:image\" content=\"https:\/\/www.tepcomp.fi\/wp-content\/uploads\/2018\/10\/kasvuyritys2018.jpg\" \/>\n\t<meta property=\"og:image:width\" content=\"1400\" \/>\n\t<meta property=\"og:image:height\" content=\"844\" \/>\n\t<meta property=\"og:image:type\" content=\"image\/jpeg\" \/>\n<meta name=\"author\" content=\"hi-admin\" \/>\n<meta name=\"twitter:card\" content=\"summary_large_image\" \/>\n<meta name=\"twitter:label1\" content=\"Skriven av\" \/>\n\t<meta name=\"twitter:data1\" content=\"hi-admin\" \/>\n\t<meta name=\"twitter:label2\" content=\"Ber\u00e4knad l\u00e4stid\" \/>\n\t<meta name=\"twitter:data2\" content=\"1 minut\" \/>\n<script type=\"application\/ld+json\" class=\"yoast-schema-graph\">{\"@context\":\"https:\\\/\\\/schema.org\",\"@graph\":[{\"@type\":\"Article\",\"@id\":\"https:\\\/\\\/www.tepcomp.fi\\\/sv\\\/tepcompille-myonnetty-kasvaja-sertifikaatti-2018\\\/#article\",\"isPartOf\":{\"@id\":\"https:\\\/\\\/www.tepcomp.fi\\\/sv\\\/tepcompille-myonnetty-kasvaja-sertifikaatti-2018\\\/\"},\"author\":{\"name\":\"hi-admin\",\"@id\":\"https:\\\/\\\/www.tepcomp.fi\\\/#\\\/schema\\\/person\\\/cda481230323f1f0a2b8a27beda73fb6\"},\"headline\":\"Tepcomp bel\u00f6nades med Tillv\u00e4xtf\u00f6retag-certifikat 2018\",\"datePublished\":\"2018-10-03T09:01:05+00:00\",\"dateModified\":\"2020-02-18T13:10:03+00:00\",\"mainEntityOfPage\":{\"@id\":\"https:\\\/\\\/www.tepcomp.fi\\\/sv\\\/tepcompille-myonnetty-kasvaja-sertifikaatti-2018\\\/\"},\"wordCount\":285,\"image\":{\"@id\":\"https:\\\/\\\/www.tepcomp.fi\\\/sv\\\/tepcompille-myonnetty-kasvaja-sertifikaatti-2018\\\/#primaryimage\"},\"thumbnailUrl\":\"https:\\\/\\\/www.tepcomp.fi\\\/wp-content\\\/uploads\\\/2018\\\/10\\\/kasvuyritys2018.jpg\",\"articleSection\":[\"Tepcomp Group\"],\"inLanguage\":\"sv-SE\"},{\"@type\":\"WebPage\",\"@id\":\"https:\\\/\\\/www.tepcomp.fi\\\/sv\\\/tepcompille-myonnetty-kasvaja-sertifikaatti-2018\\\/\",\"url\":\"https:\\\/\\\/www.tepcomp.fi\\\/sv\\\/tepcompille-myonnetty-kasvaja-sertifikaatti-2018\\\/\",\"name\":\"Tepcomp bel\u00f6nades med Tillv\u00e4xtf\u00f6retag-certifikat 2018 - Tepcomp Group\",\"isPartOf\":{\"@id\":\"https:\\\/\\\/www.tepcomp.fi\\\/#website\"},\"primaryImageOfPage\":{\"@id\":\"https:\\\/\\\/www.tepcomp.fi\\\/sv\\\/tepcompille-myonnetty-kasvaja-sertifikaatti-2018\\\/#primaryimage\"},\"image\":{\"@id\":\"https:\\\/\\\/www.tepcomp.fi\\\/sv\\\/tepcompille-myonnetty-kasvaja-sertifikaatti-2018\\\/#primaryimage\"},\"thumbnailUrl\":\"https:\\\/\\\/www.tepcomp.fi\\\/wp-content\\\/uploads\\\/2018\\\/10\\\/kasvuyritys2018.jpg\",\"datePublished\":\"2018-10-03T09:01:05+00:00\",\"dateModified\":\"2020-02-18T13:10:03+00:00\",\"author\":{\"@id\":\"https:\\\/\\\/www.tepcomp.fi\\\/#\\\/schema\\\/person\\\/cda481230323f1f0a2b8a27beda73fb6\"},\"breadcrumb\":{\"@id\":\"https:\\\/\\\/www.tepcomp.fi\\\/sv\\\/tepcompille-myonnetty-kasvaja-sertifikaatti-2018\\\/#breadcrumb\"},\"inLanguage\":\"sv-SE\",\"potentialAction\":[{\"@type\":\"ReadAction\",\"target\":[\"https:\\\/\\\/www.tepcomp.fi\\\/sv\\\/tepcompille-myonnetty-kasvaja-sertifikaatti-2018\\\/\"]}]},{\"@type\":\"ImageObject\",\"inLanguage\":\"sv-SE\",\"@id\":\"https:\\\/\\\/www.tepcomp.fi\\\/sv\\\/tepcompille-myonnetty-kasvaja-sertifikaatti-2018\\\/#primaryimage\",\"url\":\"https:\\\/\\\/www.tepcomp.fi\\\/wp-content\\\/uploads\\\/2018\\\/10\\\/kasvuyritys2018.jpg\",\"contentUrl\":\"https:\\\/\\\/www.tepcomp.fi\\\/wp-content\\\/uploads\\\/2018\\\/10\\\/kasvuyritys2018.jpg\",\"width\":1400,\"height\":844},{\"@type\":\"BreadcrumbList\",\"@id\":\"https:\\\/\\\/www.tepcomp.fi\\\/sv\\\/tepcompille-myonnetty-kasvaja-sertifikaatti-2018\\\/#breadcrumb\",\"itemListElement\":[{\"@type\":\"ListItem\",\"position\":1,\"name\":\"Home\",\"item\":\"https:\\\/\\\/www.tepcomp.fi\\\/sv\\\/\"},{\"@type\":\"ListItem\",\"position\":2,\"name\":\"Tepcomp bel\u00f6nades med Tillv\u00e4xtf\u00f6retag-certifikat 2018\"}]},{\"@type\":\"WebSite\",\"@id\":\"https:\\\/\\\/www.tepcomp.fi\\\/#website\",\"url\":\"https:\\\/\\\/www.tepcomp.fi\\\/\",\"name\":\"Tepcomp Group\",\"description\":\"Elektroniikan sopimusvalmistaja\",\"potentialAction\":[{\"@type\":\"SearchAction\",\"target\":{\"@type\":\"EntryPoint\",\"urlTemplate\":\"https:\\\/\\\/www.tepcomp.fi\\\/?s={search_term_string}\"},\"query-input\":{\"@type\":\"PropertyValueSpecification\",\"valueRequired\":true,\"valueName\":\"search_term_string\"}}],\"inLanguage\":\"sv-SE\"},{\"@type\":\"Person\",\"@id\":\"https:\\\/\\\/www.tepcomp.fi\\\/#\\\/schema\\\/person\\\/cda481230323f1f0a2b8a27beda73fb6\",\"name\":\"hi-admin\",\"image\":{\"@type\":\"ImageObject\",\"inLanguage\":\"sv-SE\",\"@id\":\"https:\\\/\\\/secure.gravatar.com\\\/avatar\\\/0f11440e0f6220171c809bf7fd636a7cbd2332e7b35e9e3afe203c3f87447600?s=96&d=mm&r=g\",\"url\":\"https:\\\/\\\/secure.gravatar.com\\\/avatar\\\/0f11440e0f6220171c809bf7fd636a7cbd2332e7b35e9e3afe203c3f87447600?s=96&d=mm&r=g\",\"contentUrl\":\"https:\\\/\\\/secure.gravatar.com\\\/avatar\\\/0f11440e0f6220171c809bf7fd636a7cbd2332e7b35e9e3afe203c3f87447600?s=96&d=mm&r=g\",\"caption\":\"hi-admin\"}}]}<\/script>\n<!-- \/ Yoast SEO plugin. -->","yoast_head_json":{"title":"Tepcomp bel\u00f6nades med Tillv\u00e4xtf\u00f6retag-certifikat 2018 - Tepcomp Group","robots":{"index":"noindex","follow":"follow"},"og_locale":"sv_SE","og_type":"article","og_title":"Tepcomp bel\u00f6nades med Tillv\u00e4xtf\u00f6retag-certifikat 2018 - Tepcomp Group","og_description":"[vc_row type=&#8221;in_container&#8221; full_screen_row_position=&#8221;middle&#8221; column_margin=&#8221;default&#8221; scene_position=&#8221;center&#8221; text_color=&#8221;dark&#8221; text_align=&#8221;left&#8221; overlay_strength=&#8221;0.3&#8243; shape_divider_position=&#8221;bottom&#8221; bg_image_animation=&#8221;none&#8221;][vc_column column_padding=&#8221;no-extra-padding&#8221; column_padding_position=&#8221;all&#8221; background_color_opacity=&#8221;1&#8243; background_hover_color_opacity=&#8221;1&#8243; column_link_target=&#8221;_self&#8221; column_shadow=&#8221;none&#8221; column_border_radius=&#8221;none&#8221; width=&#8221;1\/1&#8243; tablet_width_inherit=&#8221;default&#8221; tablet_text_alignment=&#8221;default&#8221; phone_text_alignment=&#8221;default&#8221; overlay_strength=&#8221;0.3&#8243; column_border_width=&#8221;none&#8221; column_border_style=&#8221;solid&#8221; bg_image_animation=&#8221;none&#8221;][vc_column_text] Tepcomp bel\u00f6nades med Tillv\u00e4xtf\u00f6retag-certifikat 2018...","og_url":"https:\/\/www.tepcomp.fi\/sv\/tepcompille-myonnetty-kasvaja-sertifikaatti-2018\/","og_site_name":"Tepcomp Group","article_published_time":"2018-10-03T09:01:05+00:00","article_modified_time":"2020-02-18T13:10:03+00:00","og_image":[{"width":1400,"height":844,"url":"https:\/\/www.tepcomp.fi\/wp-content\/uploads\/2018\/10\/kasvuyritys2018.jpg","type":"image\/jpeg"}],"author":"hi-admin","twitter_card":"summary_large_image","twitter_misc":{"Skriven av":"hi-admin","Ber\u00e4knad l\u00e4stid":"1 minut"},"schema":{"@context":"https:\/\/schema.org","@graph":[{"@type":"Article","@id":"https:\/\/www.tepcomp.fi\/sv\/tepcompille-myonnetty-kasvaja-sertifikaatti-2018\/#article","isPartOf":{"@id":"https:\/\/www.tepcomp.fi\/sv\/tepcompille-myonnetty-kasvaja-sertifikaatti-2018\/"},"author":{"name":"hi-admin","@id":"https:\/\/www.tepcomp.fi\/#\/schema\/person\/cda481230323f1f0a2b8a27beda73fb6"},"headline":"Tepcomp bel\u00f6nades med Tillv\u00e4xtf\u00f6retag-certifikat 2018","datePublished":"2018-10-03T09:01:05+00:00","dateModified":"2020-02-18T13:10:03+00:00","mainEntityOfPage":{"@id":"https:\/\/www.tepcomp.fi\/sv\/tepcompille-myonnetty-kasvaja-sertifikaatti-2018\/"},"wordCount":285,"image":{"@id":"https:\/\/www.tepcomp.fi\/sv\/tepcompille-myonnetty-kasvaja-sertifikaatti-2018\/#primaryimage"},"thumbnailUrl":"https:\/\/www.tepcomp.fi\/wp-content\/uploads\/2018\/10\/kasvuyritys2018.jpg","articleSection":["Tepcomp Group"],"inLanguage":"sv-SE"},{"@type":"WebPage","@id":"https:\/\/www.tepcomp.fi\/sv\/tepcompille-myonnetty-kasvaja-sertifikaatti-2018\/","url":"https:\/\/www.tepcomp.fi\/sv\/tepcompille-myonnetty-kasvaja-sertifikaatti-2018\/","name":"Tepcomp bel\u00f6nades med Tillv\u00e4xtf\u00f6retag-certifikat 2018 - Tepcomp Group","isPartOf":{"@id":"https:\/\/www.tepcomp.fi\/#website"},"primaryImageOfPage":{"@id":"https:\/\/www.tepcomp.fi\/sv\/tepcompille-myonnetty-kasvaja-sertifikaatti-2018\/#primaryimage"},"image":{"@id":"https:\/\/www.tepcomp.fi\/sv\/tepcompille-myonnetty-kasvaja-sertifikaatti-2018\/#primaryimage"},"thumbnailUrl":"https:\/\/www.tepcomp.fi\/wp-content\/uploads\/2018\/10\/kasvuyritys2018.jpg","datePublished":"2018-10-03T09:01:05+00:00","dateModified":"2020-02-18T13:10:03+00:00","author":{"@id":"https:\/\/www.tepcomp.fi\/#\/schema\/person\/cda481230323f1f0a2b8a27beda73fb6"},"breadcrumb":{"@id":"https:\/\/www.tepcomp.fi\/sv\/tepcompille-myonnetty-kasvaja-sertifikaatti-2018\/#breadcrumb"},"inLanguage":"sv-SE","potentialAction":[{"@type":"ReadAction","target":["https:\/\/www.tepcomp.fi\/sv\/tepcompille-myonnetty-kasvaja-sertifikaatti-2018\/"]}]},{"@type":"ImageObject","inLanguage":"sv-SE","@id":"https:\/\/www.tepcomp.fi\/sv\/tepcompille-myonnetty-kasvaja-sertifikaatti-2018\/#primaryimage","url":"https:\/\/www.tepcomp.fi\/wp-content\/uploads\/2018\/10\/kasvuyritys2018.jpg","contentUrl":"https:\/\/www.tepcomp.fi\/wp-content\/uploads\/2018\/10\/kasvuyritys2018.jpg","width":1400,"height":844},{"@type":"BreadcrumbList","@id":"https:\/\/www.tepcomp.fi\/sv\/tepcompille-myonnetty-kasvaja-sertifikaatti-2018\/#breadcrumb","itemListElement":[{"@type":"ListItem","position":1,"name":"Home","item":"https:\/\/www.tepcomp.fi\/sv\/"},{"@type":"ListItem","position":2,"name":"Tepcomp bel\u00f6nades med Tillv\u00e4xtf\u00f6retag-certifikat 2018"}]},{"@type":"WebSite","@id":"https:\/\/www.tepcomp.fi\/#website","url":"https:\/\/www.tepcomp.fi\/","name":"Tepcomp Group","description":"Elektroniikan sopimusvalmistaja","potentialAction":[{"@type":"SearchAction","target":{"@type":"EntryPoint","urlTemplate":"https:\/\/www.tepcomp.fi\/?s={search_term_string}"},"query-input":{"@type":"PropertyValueSpecification","valueRequired":true,"valueName":"search_term_string"}}],"inLanguage":"sv-SE"},{"@type":"Person","@id":"https:\/\/www.tepcomp.fi\/#\/schema\/person\/cda481230323f1f0a2b8a27beda73fb6","name":"hi-admin","image":{"@type":"ImageObject","inLanguage":"sv-SE","@id":"https:\/\/secure.gravatar.com\/avatar\/0f11440e0f6220171c809bf7fd636a7cbd2332e7b35e9e3afe203c3f87447600?s=96&d=mm&r=g","url":"https:\/\/secure.gravatar.com\/avatar\/0f11440e0f6220171c809bf7fd636a7cbd2332e7b35e9e3afe203c3f87447600?s=96&d=mm&r=g","contentUrl":"https:\/\/secure.gravatar.com\/avatar\/0f11440e0f6220171c809bf7fd636a7cbd2332e7b35e9e3afe203c3f87447600?s=96&d=mm&r=g","caption":"hi-admin"}}]}},"_links":{"self":[{"href":"https:\/\/www.tepcomp.fi\/sv\/wp-json\/wp\/v2\/posts\/7450","targetHints":{"allow":["GET"]}}],"collection":[{"href":"https:\/\/www.tepcomp.fi\/sv\/wp-json\/wp\/v2\/posts"}],"about":[{"href":"https:\/\/www.tepcomp.fi\/sv\/wp-json\/wp\/v2\/types\/post"}],"author":[{"embeddable":true,"href":"https:\/\/www.tepcomp.fi\/sv\/wp-json\/wp\/v2\/users\/5"}],"replies":[{"embeddable":true,"href":"https:\/\/www.tepcomp.fi\/sv\/wp-json\/wp\/v2\/comments?post=7450"}],"version-history":[{"count":2,"href":"https:\/\/www.tepcomp.fi\/sv\/wp-json\/wp\/v2\/posts\/7450\/revisions"}],"predecessor-version":[{"id":7453,"href":"https:\/\/www.tepcomp.fi\/sv\/wp-json\/wp\/v2\/posts\/7450\/revisions\/7453"}],"wp:featuredmedia":[{"embeddable":true,"href":"https:\/\/www.tepcomp.fi\/sv\/wp-json\/wp\/v2\/media\/7451"}],"wp:attachment":[{"href":"https:\/\/www.tepcomp.fi\/sv\/wp-json\/wp\/v2\/media?parent=7450"}],"wp:term":[{"taxonomy":"category","embeddable":true,"href":"https:\/\/www.tepcomp.fi\/sv\/wp-json\/wp\/v2\/categories?post=7450"},{"taxonomy":"post_tag","embeddable":true,"href":"https:\/\/www.tepcomp.fi\/sv\/wp-json\/wp\/v2\/tags?post=7450"}],"curies":[{"name":"wp","href":"https:\/\/api.w.org\/{rel}","templated":true}]}}