{"id":7458,"date":"2019-03-29T12:04:40","date_gmt":"2019-03-29T10:04:40","guid":{"rendered":"http:\/\/uusi.tepcomp.fi\/2019\/03\/29\/activepaq-2-ft-top-5-benefits\/"},"modified":"2020-02-18T15:18:02","modified_gmt":"2020-02-18T13:18:02","slug":"activepaq-2-ft-top-5-benefits","status":"publish","type":"post","link":"https:\/\/www.tepcomp.fi\/sv\/activepaq-2-ft-top-5-benefits\/","title":{"rendered":"ActivePAQ 2 ft. TOPP 5 f\u00f6rdelar"},"content":{"rendered":"[vc_row type=&#8221;in_container&#8221; full_screen_row_position=&#8221;middle&#8221; column_margin=&#8221;default&#8221; scene_position=&#8221;center&#8221; text_color=&#8221;dark&#8221; text_align=&#8221;left&#8221; overlay_strength=&#8221;0.3&#8243; shape_divider_position=&#8221;bottom&#8221; bg_image_animation=&#8221;none&#8221;][vc_column column_padding=&#8221;no-extra-padding&#8221; column_padding_position=&#8221;all&#8221; background_color_opacity=&#8221;1&#8243; background_hover_color_opacity=&#8221;1&#8243; column_link_target=&#8221;_self&#8221; column_shadow=&#8221;none&#8221; column_border_radius=&#8221;none&#8221; width=&#8221;1\/1&#8243; tablet_width_inherit=&#8221;default&#8221; tablet_text_alignment=&#8221;default&#8221; phone_text_alignment=&#8221;default&#8221; overlay_strength=&#8221;0.3&#8243; column_border_width=&#8221;none&#8221; column_border_style=&#8221;solid&#8221; bg_image_animation=&#8221;none&#8221;][vc_column_text]\n<h1 class=\"entry-title\" data-fontsize=\"20\" data-lineheight=\"28\">ActivePAQ 2 ft. TOPP 5 f\u00f6rdelar<\/h1>\n[\/vc_column_text][vc_column_text]\n<h2 class=\"title-heading-left\" data-fontsize=\"32\" data-lineheight=\"41\">Anv\u00e4nder ni fortfarande separata kraftk\u00e4llor (drivrutiner) i era LED-armaturdesigner?<\/h2>\n[\/vc_column_text][vc_column_text]Tepcomp erbjuder nu 2 ft. Driver on Board LED-moduler med coola funktioner som betydligt f\u00f6renklar design och tillverkning av linj\u00e4ra LED-armaturer. Exempel p\u00e5 huvudfunktioner hos dessa DoB LED-kort \u00e4r:[\/vc_column_text][divider line_type=&#8221;No Line&#8221; custom_height=&#8221;20&#8243;]<div class=\"nectar-fancy-ul\" data-list-icon=\"none\" data-animation=\"false\" data-animation-delay=\"0\" data-color=\"accent-color\" data-spacing=\"default\" data-alignment=\"left\"> \n<ul>\n<li>Inget behov av separat LED-drivrutin eftersom dessa LED-kort kan drivas direkt fr\u00e5n 230 Vac. Detta f\u00f6renklar avsev\u00e4rt armaturens mekanik och montering.<\/li>\n<li>Inga komponenter p\u00e5 LED-kortets undersida. Detta g\u00f6r mekaniska integrering av ActivePAQ LED-kort n\u00e4stan lika enkel som passiv LED-kortintegrering.<\/li>\n<li>Inga str\u00f6mtoppar vid ig\u00e5ngk\u00f6rning. Detta inneb\u00e4r l\u00e4gre installationskostnader eftersom fler armaturer kan anslutas bakom en enda kretsbrytare.<\/li>\n<li>Ensidigt kort med mycket l\u00e5g profil (&lt;17 mm total h\u00f6jd). Detta m\u00f6jligg\u00f6r LED-armaturer med mycket l\u00e5g profil f\u00f6r installation p\u00e5 platser med begr\u00e4nsad takh\u00f6jd.<\/li>\n<li>Upp till 12 st 2 ft. ActivePAQ-kort kan seriekopplas fr\u00e5n en enda n\u00e4ting\u00e5ng. Detta m\u00f6jligg\u00f6r l\u00e5nga lampskenor mellan 0,6\u20137 meter fr\u00e5n endast en n\u00e4ting\u00e5ngspunkt.<\/li>\n<\/ul>\n <\/div>[vc_column_text]\n<h4 data-fontsize=\"20\" data-lineheight=\"29\"><span lang=\"EN-US\">Kontakta v\u00e5ra s\u00e4ljare Peter Stenberg eller Petri Haanp\u00e4\u00e4 om du vill veta mer om dessa coola 230 Vac direktdrivna LED-kort.<\/span><\/h4>\n[\/vc_column_text][vc_row_inner column_margin=&#8221;default&#8221; text_align=&#8221;left&#8221;][vc_column_inner column_padding=&#8221;no-extra-padding&#8221; column_padding_position=&#8221;all&#8221; background_color_opacity=&#8221;1&#8243; background_hover_color_opacity=&#8221;1&#8243; column_shadow=&#8221;none&#8221; column_border_radius=&#8221;none&#8221; column_link_target=&#8221;_self&#8221; width=&#8221;1\/2&#8243; tablet_width_inherit=&#8221;default&#8221; overlay_strength=&#8221;0.3&#8243; column_border_width=&#8221;none&#8221; column_border_style=&#8221;solid&#8221; bg_image_animation=&#8221;none&#8221;][vc_column_text]<strong>Peter Stenberg<\/strong><br \/>\nBusiness Development Manager Europe<br \/>\n<em>(kontor i Malm\u00f6, Sverige)<\/em><br \/>\n+46 70 221 7540<br \/>\n<a class=\"emo_address\" href=\"mailto:peter.stenberg@tepcomp.fi\">peter.stenberg@tepcomp.fi<\/a>[\/vc_column_text][\/vc_column_inner][vc_column_inner column_padding=&#8221;no-extra-padding&#8221; column_padding_position=&#8221;all&#8221; background_color_opacity=&#8221;1&#8243; background_hover_color_opacity=&#8221;1&#8243; column_shadow=&#8221;none&#8221; column_border_radius=&#8221;none&#8221; column_link_target=&#8221;_self&#8221; width=&#8221;1\/2&#8243; tablet_width_inherit=&#8221;default&#8221; overlay_strength=&#8221;0.3&#8243; column_border_width=&#8221;none&#8221; column_border_style=&#8221;solid&#8221; bg_image_animation=&#8221;none&#8221;][vc_column_text]<strong>Petri Haanp\u00e4\u00e4<\/strong><br \/>\nAccount Director, Lighting<br \/>\n+358 40 502 8200<br \/>\n<span id=\"_emoaddrId2\" class=\"emo_address\"><a class=\"emo_address\" href=\"mailto:petri.haanpaa@tepcomp.fi\">petri.haanpaa@tepcomp.fi<\/a><\/span>[\/vc_column_text][\/vc_column_inner][\/vc_row_inner][\/vc_column][\/vc_row]\n","protected":false},"excerpt":{"rendered":"<p>[vc_row type=&#8221;in_container&#8221; full_screen_row_position=&#8221;middle&#8221; column_margin=&#8221;default&#8221; scene_position=&#8221;center&#8221; text_color=&#8221;dark&#8221; text_align=&#8221;left&#8221; overlay_strength=&#8221;0.3&#8243; shape_divider_position=&#8221;bottom&#8221; bg_image_animation=&#8221;none&#8221;][vc_column column_padding=&#8221;no-extra-padding&#8221; column_padding_position=&#8221;all&#8221; background_color_opacity=&#8221;1&#8243; background_hover_color_opacity=&#8221;1&#8243; column_link_target=&#8221;_self&#8221; column_shadow=&#8221;none&#8221; column_border_radius=&#8221;none&#8221; width=&#8221;1\/1&#8243; tablet_width_inherit=&#8221;default&#8221; tablet_text_alignment=&#8221;default&#8221; phone_text_alignment=&#8221;default&#8221; overlay_strength=&#8221;0.3&#8243; column_border_width=&#8221;none&#8221; column_border_style=&#8221;solid&#8221; bg_image_animation=&#8221;none&#8221;][vc_column_text] ActivePAQ 2 ft. TOPP 5&#8230;<\/p>\n","protected":false},"author":5,"featured_media":7459,"comment_status":"closed","ping_status":"closed","sticky":false,"template":"","format":"standard","meta":{"footnotes":""},"categories":[17],"tags":[],"class_list":{"0":"post-7458","1":"post","2":"type-post","3":"status-publish","4":"format-standard","5":"has-post-thumbnail","7":"category-tepcompgroup-se"},"yoast_head":"<!-- This site is optimized with the Yoast SEO plugin v27.4 - https:\/\/yoast.com\/product\/yoast-seo-wordpress\/ -->\n<title>ActivePAQ 2 ft. TOPP 5 f\u00f6rdelar - Tepcomp Group<\/title>\n<meta name=\"robots\" content=\"noindex, follow\" \/>\n<meta property=\"og:locale\" content=\"sv_SE\" \/>\n<meta property=\"og:type\" content=\"article\" \/>\n<meta property=\"og:title\" content=\"ActivePAQ 2 ft. TOPP 5 f\u00f6rdelar - Tepcomp Group\" \/>\n<meta property=\"og:description\" content=\"[vc_row type=&#8221;in_container&#8221; full_screen_row_position=&#8221;middle&#8221; column_margin=&#8221;default&#8221; scene_position=&#8221;center&#8221; text_color=&#8221;dark&#8221; text_align=&#8221;left&#8221; overlay_strength=&#8221;0.3&#8243; shape_divider_position=&#8221;bottom&#8221; bg_image_animation=&#8221;none&#8221;][vc_column column_padding=&#8221;no-extra-padding&#8221; column_padding_position=&#8221;all&#8221; background_color_opacity=&#8221;1&#8243; background_hover_color_opacity=&#8221;1&#8243; column_link_target=&#8221;_self&#8221; column_shadow=&#8221;none&#8221; column_border_radius=&#8221;none&#8221; width=&#8221;1\/1&#8243; tablet_width_inherit=&#8221;default&#8221; tablet_text_alignment=&#8221;default&#8221; phone_text_alignment=&#8221;default&#8221; overlay_strength=&#8221;0.3&#8243; column_border_width=&#8221;none&#8221; column_border_style=&#8221;solid&#8221; bg_image_animation=&#8221;none&#8221;][vc_column_text] ActivePAQ 2 ft. TOPP 5...\" \/>\n<meta property=\"og:url\" content=\"https:\/\/www.tepcomp.fi\/sv\/activepaq-2-ft-top-5-benefits\/\" \/>\n<meta property=\"og:site_name\" content=\"Tepcomp Group\" \/>\n<meta property=\"article:published_time\" content=\"2019-03-29T10:04:40+00:00\" \/>\n<meta property=\"article:modified_time\" content=\"2020-02-18T13:18:02+00:00\" \/>\n<meta property=\"og:image\" content=\"https:\/\/www.tepcomp.fi\/wp-content\/uploads\/2019\/03\/ActivePAQ-top5-benefitsjpg.jpg\" \/>\n\t<meta property=\"og:image:width\" content=\"1400\" \/>\n\t<meta property=\"og:image:height\" content=\"844\" \/>\n\t<meta property=\"og:image:type\" content=\"image\/jpeg\" \/>\n<meta name=\"author\" content=\"hi-admin\" \/>\n<meta name=\"twitter:card\" content=\"summary_large_image\" \/>\n<meta name=\"twitter:label1\" content=\"Skriven av\" \/>\n\t<meta name=\"twitter:data1\" content=\"hi-admin\" \/>\n\t<meta name=\"twitter:label2\" content=\"Ber\u00e4knad l\u00e4stid\" \/>\n\t<meta name=\"twitter:data2\" content=\"2 minuter\" \/>\n<script type=\"application\/ld+json\" class=\"yoast-schema-graph\">{\"@context\":\"https:\\\/\\\/schema.org\",\"@graph\":[{\"@type\":\"Article\",\"@id\":\"https:\\\/\\\/www.tepcomp.fi\\\/sv\\\/activepaq-2-ft-top-5-benefits\\\/#article\",\"isPartOf\":{\"@id\":\"https:\\\/\\\/www.tepcomp.fi\\\/sv\\\/activepaq-2-ft-top-5-benefits\\\/\"},\"author\":{\"name\":\"hi-admin\",\"@id\":\"https:\\\/\\\/www.tepcomp.fi\\\/#\\\/schema\\\/person\\\/cda481230323f1f0a2b8a27beda73fb6\"},\"headline\":\"ActivePAQ 2 ft. TOPP 5 f\u00f6rdelar\",\"datePublished\":\"2019-03-29T10:04:40+00:00\",\"dateModified\":\"2020-02-18T13:18:02+00:00\",\"mainEntityOfPage\":{\"@id\":\"https:\\\/\\\/www.tepcomp.fi\\\/sv\\\/activepaq-2-ft-top-5-benefits\\\/\"},\"wordCount\":476,\"image\":{\"@id\":\"https:\\\/\\\/www.tepcomp.fi\\\/sv\\\/activepaq-2-ft-top-5-benefits\\\/#primaryimage\"},\"thumbnailUrl\":\"https:\\\/\\\/www.tepcomp.fi\\\/wp-content\\\/uploads\\\/2019\\\/03\\\/ActivePAQ-top5-benefitsjpg.jpg\",\"articleSection\":[\"Tepcomp Group\"],\"inLanguage\":\"sv-SE\"},{\"@type\":\"WebPage\",\"@id\":\"https:\\\/\\\/www.tepcomp.fi\\\/sv\\\/activepaq-2-ft-top-5-benefits\\\/\",\"url\":\"https:\\\/\\\/www.tepcomp.fi\\\/sv\\\/activepaq-2-ft-top-5-benefits\\\/\",\"name\":\"ActivePAQ 2 ft. TOPP 5 f\u00f6rdelar - Tepcomp Group\",\"isPartOf\":{\"@id\":\"https:\\\/\\\/www.tepcomp.fi\\\/#website\"},\"primaryImageOfPage\":{\"@id\":\"https:\\\/\\\/www.tepcomp.fi\\\/sv\\\/activepaq-2-ft-top-5-benefits\\\/#primaryimage\"},\"image\":{\"@id\":\"https:\\\/\\\/www.tepcomp.fi\\\/sv\\\/activepaq-2-ft-top-5-benefits\\\/#primaryimage\"},\"thumbnailUrl\":\"https:\\\/\\\/www.tepcomp.fi\\\/wp-content\\\/uploads\\\/2019\\\/03\\\/ActivePAQ-top5-benefitsjpg.jpg\",\"datePublished\":\"2019-03-29T10:04:40+00:00\",\"dateModified\":\"2020-02-18T13:18:02+00:00\",\"author\":{\"@id\":\"https:\\\/\\\/www.tepcomp.fi\\\/#\\\/schema\\\/person\\\/cda481230323f1f0a2b8a27beda73fb6\"},\"breadcrumb\":{\"@id\":\"https:\\\/\\\/www.tepcomp.fi\\\/sv\\\/activepaq-2-ft-top-5-benefits\\\/#breadcrumb\"},\"inLanguage\":\"sv-SE\",\"potentialAction\":[{\"@type\":\"ReadAction\",\"target\":[\"https:\\\/\\\/www.tepcomp.fi\\\/sv\\\/activepaq-2-ft-top-5-benefits\\\/\"]}]},{\"@type\":\"ImageObject\",\"inLanguage\":\"sv-SE\",\"@id\":\"https:\\\/\\\/www.tepcomp.fi\\\/sv\\\/activepaq-2-ft-top-5-benefits\\\/#primaryimage\",\"url\":\"https:\\\/\\\/www.tepcomp.fi\\\/wp-content\\\/uploads\\\/2019\\\/03\\\/ActivePAQ-top5-benefitsjpg.jpg\",\"contentUrl\":\"https:\\\/\\\/www.tepcomp.fi\\\/wp-content\\\/uploads\\\/2019\\\/03\\\/ActivePAQ-top5-benefitsjpg.jpg\",\"width\":1400,\"height\":844,\"caption\":\"Innovatiivinen teollisuuden sopimusvalmistaja, L\u00e4\u00e4kinn\u00e4lliset laitteet (EMS), LED-elektroniikka, Teollisuuselektroniikka, LED-modulit ja -driverit, Medical Electronics, Healthcare electronics, LED lighting, Design for manufacturing, Contract manufacturing service, Products in low and medium volumes\"},{\"@type\":\"BreadcrumbList\",\"@id\":\"https:\\\/\\\/www.tepcomp.fi\\\/sv\\\/activepaq-2-ft-top-5-benefits\\\/#breadcrumb\",\"itemListElement\":[{\"@type\":\"ListItem\",\"position\":1,\"name\":\"Home\",\"item\":\"https:\\\/\\\/www.tepcomp.fi\\\/sv\\\/\"},{\"@type\":\"ListItem\",\"position\":2,\"name\":\"ActivePAQ 2 ft. TOPP 5 f\u00f6rdelar\"}]},{\"@type\":\"WebSite\",\"@id\":\"https:\\\/\\\/www.tepcomp.fi\\\/#website\",\"url\":\"https:\\\/\\\/www.tepcomp.fi\\\/\",\"name\":\"Tepcomp Group\",\"description\":\"Elektroniikan sopimusvalmistaja\",\"potentialAction\":[{\"@type\":\"SearchAction\",\"target\":{\"@type\":\"EntryPoint\",\"urlTemplate\":\"https:\\\/\\\/www.tepcomp.fi\\\/?s={search_term_string}\"},\"query-input\":{\"@type\":\"PropertyValueSpecification\",\"valueRequired\":true,\"valueName\":\"search_term_string\"}}],\"inLanguage\":\"sv-SE\"},{\"@type\":\"Person\",\"@id\":\"https:\\\/\\\/www.tepcomp.fi\\\/#\\\/schema\\\/person\\\/cda481230323f1f0a2b8a27beda73fb6\",\"name\":\"hi-admin\",\"image\":{\"@type\":\"ImageObject\",\"inLanguage\":\"sv-SE\",\"@id\":\"https:\\\/\\\/secure.gravatar.com\\\/avatar\\\/0f11440e0f6220171c809bf7fd636a7cbd2332e7b35e9e3afe203c3f87447600?s=96&d=mm&r=g\",\"url\":\"https:\\\/\\\/secure.gravatar.com\\\/avatar\\\/0f11440e0f6220171c809bf7fd636a7cbd2332e7b35e9e3afe203c3f87447600?s=96&d=mm&r=g\",\"contentUrl\":\"https:\\\/\\\/secure.gravatar.com\\\/avatar\\\/0f11440e0f6220171c809bf7fd636a7cbd2332e7b35e9e3afe203c3f87447600?s=96&d=mm&r=g\",\"caption\":\"hi-admin\"}}]}<\/script>\n<!-- \/ Yoast SEO plugin. -->","yoast_head_json":{"title":"ActivePAQ 2 ft. TOPP 5 f\u00f6rdelar - Tepcomp Group","robots":{"index":"noindex","follow":"follow"},"og_locale":"sv_SE","og_type":"article","og_title":"ActivePAQ 2 ft. TOPP 5 f\u00f6rdelar - Tepcomp Group","og_description":"[vc_row type=&#8221;in_container&#8221; full_screen_row_position=&#8221;middle&#8221; column_margin=&#8221;default&#8221; scene_position=&#8221;center&#8221; text_color=&#8221;dark&#8221; text_align=&#8221;left&#8221; overlay_strength=&#8221;0.3&#8243; shape_divider_position=&#8221;bottom&#8221; bg_image_animation=&#8221;none&#8221;][vc_column column_padding=&#8221;no-extra-padding&#8221; column_padding_position=&#8221;all&#8221; background_color_opacity=&#8221;1&#8243; background_hover_color_opacity=&#8221;1&#8243; column_link_target=&#8221;_self&#8221; column_shadow=&#8221;none&#8221; column_border_radius=&#8221;none&#8221; width=&#8221;1\/1&#8243; tablet_width_inherit=&#8221;default&#8221; tablet_text_alignment=&#8221;default&#8221; phone_text_alignment=&#8221;default&#8221; overlay_strength=&#8221;0.3&#8243; column_border_width=&#8221;none&#8221; column_border_style=&#8221;solid&#8221; bg_image_animation=&#8221;none&#8221;][vc_column_text] ActivePAQ 2 ft. TOPP 5...","og_url":"https:\/\/www.tepcomp.fi\/sv\/activepaq-2-ft-top-5-benefits\/","og_site_name":"Tepcomp Group","article_published_time":"2019-03-29T10:04:40+00:00","article_modified_time":"2020-02-18T13:18:02+00:00","og_image":[{"width":1400,"height":844,"url":"https:\/\/www.tepcomp.fi\/wp-content\/uploads\/2019\/03\/ActivePAQ-top5-benefitsjpg.jpg","type":"image\/jpeg"}],"author":"hi-admin","twitter_card":"summary_large_image","twitter_misc":{"Skriven av":"hi-admin","Ber\u00e4knad l\u00e4stid":"2 minuter"},"schema":{"@context":"https:\/\/schema.org","@graph":[{"@type":"Article","@id":"https:\/\/www.tepcomp.fi\/sv\/activepaq-2-ft-top-5-benefits\/#article","isPartOf":{"@id":"https:\/\/www.tepcomp.fi\/sv\/activepaq-2-ft-top-5-benefits\/"},"author":{"name":"hi-admin","@id":"https:\/\/www.tepcomp.fi\/#\/schema\/person\/cda481230323f1f0a2b8a27beda73fb6"},"headline":"ActivePAQ 2 ft. TOPP 5 f\u00f6rdelar","datePublished":"2019-03-29T10:04:40+00:00","dateModified":"2020-02-18T13:18:02+00:00","mainEntityOfPage":{"@id":"https:\/\/www.tepcomp.fi\/sv\/activepaq-2-ft-top-5-benefits\/"},"wordCount":476,"image":{"@id":"https:\/\/www.tepcomp.fi\/sv\/activepaq-2-ft-top-5-benefits\/#primaryimage"},"thumbnailUrl":"https:\/\/www.tepcomp.fi\/wp-content\/uploads\/2019\/03\/ActivePAQ-top5-benefitsjpg.jpg","articleSection":["Tepcomp Group"],"inLanguage":"sv-SE"},{"@type":"WebPage","@id":"https:\/\/www.tepcomp.fi\/sv\/activepaq-2-ft-top-5-benefits\/","url":"https:\/\/www.tepcomp.fi\/sv\/activepaq-2-ft-top-5-benefits\/","name":"ActivePAQ 2 ft. TOPP 5 f\u00f6rdelar - Tepcomp Group","isPartOf":{"@id":"https:\/\/www.tepcomp.fi\/#website"},"primaryImageOfPage":{"@id":"https:\/\/www.tepcomp.fi\/sv\/activepaq-2-ft-top-5-benefits\/#primaryimage"},"image":{"@id":"https:\/\/www.tepcomp.fi\/sv\/activepaq-2-ft-top-5-benefits\/#primaryimage"},"thumbnailUrl":"https:\/\/www.tepcomp.fi\/wp-content\/uploads\/2019\/03\/ActivePAQ-top5-benefitsjpg.jpg","datePublished":"2019-03-29T10:04:40+00:00","dateModified":"2020-02-18T13:18:02+00:00","author":{"@id":"https:\/\/www.tepcomp.fi\/#\/schema\/person\/cda481230323f1f0a2b8a27beda73fb6"},"breadcrumb":{"@id":"https:\/\/www.tepcomp.fi\/sv\/activepaq-2-ft-top-5-benefits\/#breadcrumb"},"inLanguage":"sv-SE","potentialAction":[{"@type":"ReadAction","target":["https:\/\/www.tepcomp.fi\/sv\/activepaq-2-ft-top-5-benefits\/"]}]},{"@type":"ImageObject","inLanguage":"sv-SE","@id":"https:\/\/www.tepcomp.fi\/sv\/activepaq-2-ft-top-5-benefits\/#primaryimage","url":"https:\/\/www.tepcomp.fi\/wp-content\/uploads\/2019\/03\/ActivePAQ-top5-benefitsjpg.jpg","contentUrl":"https:\/\/www.tepcomp.fi\/wp-content\/uploads\/2019\/03\/ActivePAQ-top5-benefitsjpg.jpg","width":1400,"height":844,"caption":"Innovatiivinen teollisuuden sopimusvalmistaja, L\u00e4\u00e4kinn\u00e4lliset laitteet (EMS), LED-elektroniikka, Teollisuuselektroniikka, LED-modulit ja -driverit, Medical Electronics, Healthcare electronics, LED lighting, Design for manufacturing, Contract manufacturing service, Products in low and medium volumes"},{"@type":"BreadcrumbList","@id":"https:\/\/www.tepcomp.fi\/sv\/activepaq-2-ft-top-5-benefits\/#breadcrumb","itemListElement":[{"@type":"ListItem","position":1,"name":"Home","item":"https:\/\/www.tepcomp.fi\/sv\/"},{"@type":"ListItem","position":2,"name":"ActivePAQ 2 ft. TOPP 5 f\u00f6rdelar"}]},{"@type":"WebSite","@id":"https:\/\/www.tepcomp.fi\/#website","url":"https:\/\/www.tepcomp.fi\/","name":"Tepcomp Group","description":"Elektroniikan sopimusvalmistaja","potentialAction":[{"@type":"SearchAction","target":{"@type":"EntryPoint","urlTemplate":"https:\/\/www.tepcomp.fi\/?s={search_term_string}"},"query-input":{"@type":"PropertyValueSpecification","valueRequired":true,"valueName":"search_term_string"}}],"inLanguage":"sv-SE"},{"@type":"Person","@id":"https:\/\/www.tepcomp.fi\/#\/schema\/person\/cda481230323f1f0a2b8a27beda73fb6","name":"hi-admin","image":{"@type":"ImageObject","inLanguage":"sv-SE","@id":"https:\/\/secure.gravatar.com\/avatar\/0f11440e0f6220171c809bf7fd636a7cbd2332e7b35e9e3afe203c3f87447600?s=96&d=mm&r=g","url":"https:\/\/secure.gravatar.com\/avatar\/0f11440e0f6220171c809bf7fd636a7cbd2332e7b35e9e3afe203c3f87447600?s=96&d=mm&r=g","contentUrl":"https:\/\/secure.gravatar.com\/avatar\/0f11440e0f6220171c809bf7fd636a7cbd2332e7b35e9e3afe203c3f87447600?s=96&d=mm&r=g","caption":"hi-admin"}}]}},"_links":{"self":[{"href":"https:\/\/www.tepcomp.fi\/sv\/wp-json\/wp\/v2\/posts\/7458","targetHints":{"allow":["GET"]}}],"collection":[{"href":"https:\/\/www.tepcomp.fi\/sv\/wp-json\/wp\/v2\/posts"}],"about":[{"href":"https:\/\/www.tepcomp.fi\/sv\/wp-json\/wp\/v2\/types\/post"}],"author":[{"embeddable":true,"href":"https:\/\/www.tepcomp.fi\/sv\/wp-json\/wp\/v2\/users\/5"}],"replies":[{"embeddable":true,"href":"https:\/\/www.tepcomp.fi\/sv\/wp-json\/wp\/v2\/comments?post=7458"}],"version-history":[{"count":2,"href":"https:\/\/www.tepcomp.fi\/sv\/wp-json\/wp\/v2\/posts\/7458\/revisions"}],"predecessor-version":[{"id":7461,"href":"https:\/\/www.tepcomp.fi\/sv\/wp-json\/wp\/v2\/posts\/7458\/revisions\/7461"}],"wp:featuredmedia":[{"embeddable":true,"href":"https:\/\/www.tepcomp.fi\/sv\/wp-json\/wp\/v2\/media\/7459"}],"wp:attachment":[{"href":"https:\/\/www.tepcomp.fi\/sv\/wp-json\/wp\/v2\/media?parent=7458"}],"wp:term":[{"taxonomy":"category","embeddable":true,"href":"https:\/\/www.tepcomp.fi\/sv\/wp-json\/wp\/v2\/categories?post=7458"},{"taxonomy":"post_tag","embeddable":true,"href":"https:\/\/www.tepcomp.fi\/sv\/wp-json\/wp\/v2\/tags?post=7458"}],"curies":[{"name":"wp","href":"https:\/\/api.w.org\/{rel}","templated":true}]}}