{"id":7462,"date":"2019-09-19T11:54:08","date_gmt":"2019-09-19T08:54:08","guid":{"rendered":"http:\/\/uusi.tepcomp.fi\/2019\/09\/19\/tepcomp-mukana-alihankinta-2019-messuilla\/"},"modified":"2020-02-18T15:24:47","modified_gmt":"2020-02-18T13:24:47","slug":"tepcomp-mukana-alihankinta-2019-messuilla","status":"publish","type":"post","link":"https:\/\/www.tepcomp.fi\/sv\/tepcomp-mukana-alihankinta-2019-messuilla\/","title":{"rendered":"Tepcomp deltar i Alihankinta-m\u00e4ssan 2019"},"content":{"rendered":"[vc_row type=&#8221;in_container&#8221; full_screen_row_position=&#8221;middle&#8221; column_margin=&#8221;default&#8221; scene_position=&#8221;center&#8221; text_color=&#8221;dark&#8221; text_align=&#8221;left&#8221; overlay_strength=&#8221;0.3&#8243; shape_divider_position=&#8221;bottom&#8221; bg_image_animation=&#8221;none&#8221;][vc_column column_padding=&#8221;no-extra-padding&#8221; column_padding_position=&#8221;all&#8221; background_color_opacity=&#8221;1&#8243; background_hover_color_opacity=&#8221;1&#8243; column_link_target=&#8221;_self&#8221; column_shadow=&#8221;none&#8221; column_border_radius=&#8221;none&#8221; width=&#8221;1\/1&#8243; tablet_width_inherit=&#8221;default&#8221; tablet_text_alignment=&#8221;default&#8221; phone_text_alignment=&#8221;default&#8221; overlay_strength=&#8221;0.3&#8243; column_border_width=&#8221;none&#8221; column_border_style=&#8221;solid&#8221; bg_image_animation=&#8221;none&#8221;][vc_column_text]\n<h2>Elmia Subcontractor-m\u00e4ssan 12\u201315.11.2019 i Sverige<\/h2>\n[\/vc_column_text][vc_column_text]Hela den finl\u00e4ndska industrin tr\u00e4ffas den <strong>24\u201326.9.2019 i Alihankinta-m\u00e4ssan<\/strong>\u00a0som h\u00e5lls p\u00e5\u00a0<strong>Messu- ja Urheilukeskus i Tammerfors<\/strong>. I \u00e5r betonar Alihankinta-m\u00e4ssan vikten av h\u00e5llbar tillverkning i Finland. Tepcomp deltar som vanligt i internationellt hyllade m\u00e4ssor f\u00f6r underleverant\u00f6rer till industrin. Du hittar Tepcomp\u00a0<strong>i avdelning C 918<\/strong>.<\/p>\n<p>V\u00e4lkommen att lyssna till Tepcomps id\u00e9er om framtidens industri och nya innovationer samt hur f\u00f6retaget beaktar milj\u00f6fr\u00e5gor i sin verksamhet.<\/p>\n<h4 data-fontsize=\"20\" data-lineheight=\"30\">V\u00e4lkommen att prata om samarbetsm\u00f6jligheter i avdelning C 918!<\/h4>\n[\/vc_column_text][divider line_type=&#8221;No Line&#8221; custom_height=&#8221;20&#8243;][vc_column_text]<em>Fyll i f\u00f6rregistreringsformul\u00e4ret och skriv ut din biljett f\u00f6r att f\u00e5 gratis intr\u00e4de till m\u00e4ssan.<\/em>[\/vc_column_text][nectar_btn size=&#8221;large&#8221; button_style=&#8221;regular&#8221; button_color_2=&#8221;Accent-Color&#8221; icon_family=&#8221;none&#8221; url=&#8221;http:\/\/ilmoittaudu.tampereenmessut.fi\/ilmoittautuminen\/index.tmpl?lid=197&#8243; text=&#8221;Registrera dig gratis som bes\u00f6kare&#8221;][divider line_type=&#8221;No Line&#8221; custom_height=&#8221;20&#8243;][\/vc_column][\/vc_row]\n","protected":false},"excerpt":{"rendered":"<p>[vc_row type=&#8221;in_container&#8221; full_screen_row_position=&#8221;middle&#8221; column_margin=&#8221;default&#8221; scene_position=&#8221;center&#8221; text_color=&#8221;dark&#8221; text_align=&#8221;left&#8221; overlay_strength=&#8221;0.3&#8243; shape_divider_position=&#8221;bottom&#8221; bg_image_animation=&#8221;none&#8221;][vc_column column_padding=&#8221;no-extra-padding&#8221; column_padding_position=&#8221;all&#8221; background_color_opacity=&#8221;1&#8243; background_hover_color_opacity=&#8221;1&#8243; column_link_target=&#8221;_self&#8221; column_shadow=&#8221;none&#8221; column_border_radius=&#8221;none&#8221; width=&#8221;1\/1&#8243; tablet_width_inherit=&#8221;default&#8221; tablet_text_alignment=&#8221;default&#8221; phone_text_alignment=&#8221;default&#8221; overlay_strength=&#8221;0.3&#8243; column_border_width=&#8221;none&#8221; column_border_style=&#8221;solid&#8221; bg_image_animation=&#8221;none&#8221;][vc_column_text] Elmia Subcontractor-m\u00e4ssan 12\u201315.11.2019 i Sverige&#8230;<\/p>\n","protected":false},"author":5,"featured_media":7463,"comment_status":"closed","ping_status":"closed","sticky":false,"template":"","format":"standard","meta":{"footnotes":""},"categories":[17],"tags":[],"class_list":{"0":"post-7462","1":"post","2":"type-post","3":"status-publish","4":"format-standard","5":"has-post-thumbnail","7":"category-tepcompgroup-se"},"yoast_head":"<!-- This site is optimized with the Yoast SEO plugin v27.4 - https:\/\/yoast.com\/product\/yoast-seo-wordpress\/ -->\n<title>Tepcomp deltar i Alihankinta-m\u00e4ssan 2019 - Tepcomp Group<\/title>\n<meta name=\"robots\" content=\"noindex, follow\" \/>\n<meta property=\"og:locale\" content=\"sv_SE\" \/>\n<meta property=\"og:type\" content=\"article\" \/>\n<meta property=\"og:title\" content=\"Tepcomp deltar i Alihankinta-m\u00e4ssan 2019 - Tepcomp Group\" \/>\n<meta property=\"og:description\" content=\"[vc_row type=&#8221;in_container&#8221; full_screen_row_position=&#8221;middle&#8221; column_margin=&#8221;default&#8221; scene_position=&#8221;center&#8221; text_color=&#8221;dark&#8221; text_align=&#8221;left&#8221; overlay_strength=&#8221;0.3&#8243; shape_divider_position=&#8221;bottom&#8221; bg_image_animation=&#8221;none&#8221;][vc_column column_padding=&#8221;no-extra-padding&#8221; column_padding_position=&#8221;all&#8221; background_color_opacity=&#8221;1&#8243; background_hover_color_opacity=&#8221;1&#8243; column_link_target=&#8221;_self&#8221; column_shadow=&#8221;none&#8221; column_border_radius=&#8221;none&#8221; width=&#8221;1\/1&#8243; tablet_width_inherit=&#8221;default&#8221; tablet_text_alignment=&#8221;default&#8221; phone_text_alignment=&#8221;default&#8221; overlay_strength=&#8221;0.3&#8243; column_border_width=&#8221;none&#8221; column_border_style=&#8221;solid&#8221; bg_image_animation=&#8221;none&#8221;][vc_column_text] Elmia Subcontractor-m\u00e4ssan 12\u201315.11.2019 i Sverige...\" \/>\n<meta property=\"og:url\" content=\"https:\/\/www.tepcomp.fi\/sv\/tepcomp-mukana-alihankinta-2019-messuilla\/\" \/>\n<meta property=\"og:site_name\" content=\"Tepcomp Group\" \/>\n<meta property=\"article:published_time\" content=\"2019-09-19T08:54:08+00:00\" \/>\n<meta property=\"article:modified_time\" content=\"2020-02-18T13:24:47+00:00\" \/>\n<meta property=\"og:image\" content=\"https:\/\/www.tepcomp.fi\/wp-content\/uploads\/2019\/09\/Tepcomp_Alihankinta-2019.jpg\" \/>\n\t<meta property=\"og:image:width\" content=\"1400\" \/>\n\t<meta property=\"og:image:height\" content=\"844\" \/>\n\t<meta property=\"og:image:type\" content=\"image\/jpeg\" \/>\n<meta name=\"author\" content=\"hi-admin\" \/>\n<meta name=\"twitter:card\" content=\"summary_large_image\" \/>\n<meta name=\"twitter:label1\" content=\"Skriven av\" \/>\n\t<meta name=\"twitter:data1\" content=\"hi-admin\" \/>\n\t<meta name=\"twitter:label2\" content=\"Ber\u00e4knad l\u00e4stid\" \/>\n\t<meta name=\"twitter:data2\" content=\"1 minut\" \/>\n<script type=\"application\/ld+json\" class=\"yoast-schema-graph\">{\"@context\":\"https:\\\/\\\/schema.org\",\"@graph\":[{\"@type\":\"Article\",\"@id\":\"https:\\\/\\\/www.tepcomp.fi\\\/sv\\\/tepcomp-mukana-alihankinta-2019-messuilla\\\/#article\",\"isPartOf\":{\"@id\":\"https:\\\/\\\/www.tepcomp.fi\\\/sv\\\/tepcomp-mukana-alihankinta-2019-messuilla\\\/\"},\"author\":{\"name\":\"hi-admin\",\"@id\":\"https:\\\/\\\/www.tepcomp.fi\\\/#\\\/schema\\\/person\\\/cda481230323f1f0a2b8a27beda73fb6\"},\"headline\":\"Tepcomp deltar i Alihankinta-m\u00e4ssan 2019\",\"datePublished\":\"2019-09-19T08:54:08+00:00\",\"dateModified\":\"2020-02-18T13:24:47+00:00\",\"mainEntityOfPage\":{\"@id\":\"https:\\\/\\\/www.tepcomp.fi\\\/sv\\\/tepcomp-mukana-alihankinta-2019-messuilla\\\/\"},\"wordCount\":269,\"image\":{\"@id\":\"https:\\\/\\\/www.tepcomp.fi\\\/sv\\\/tepcomp-mukana-alihankinta-2019-messuilla\\\/#primaryimage\"},\"thumbnailUrl\":\"https:\\\/\\\/www.tepcomp.fi\\\/wp-content\\\/uploads\\\/2019\\\/09\\\/Tepcomp_Alihankinta-2019.jpg\",\"articleSection\":[\"Tepcomp Group\"],\"inLanguage\":\"sv-SE\"},{\"@type\":\"WebPage\",\"@id\":\"https:\\\/\\\/www.tepcomp.fi\\\/sv\\\/tepcomp-mukana-alihankinta-2019-messuilla\\\/\",\"url\":\"https:\\\/\\\/www.tepcomp.fi\\\/sv\\\/tepcomp-mukana-alihankinta-2019-messuilla\\\/\",\"name\":\"Tepcomp deltar i Alihankinta-m\u00e4ssan 2019 - Tepcomp Group\",\"isPartOf\":{\"@id\":\"https:\\\/\\\/www.tepcomp.fi\\\/#website\"},\"primaryImageOfPage\":{\"@id\":\"https:\\\/\\\/www.tepcomp.fi\\\/sv\\\/tepcomp-mukana-alihankinta-2019-messuilla\\\/#primaryimage\"},\"image\":{\"@id\":\"https:\\\/\\\/www.tepcomp.fi\\\/sv\\\/tepcomp-mukana-alihankinta-2019-messuilla\\\/#primaryimage\"},\"thumbnailUrl\":\"https:\\\/\\\/www.tepcomp.fi\\\/wp-content\\\/uploads\\\/2019\\\/09\\\/Tepcomp_Alihankinta-2019.jpg\",\"datePublished\":\"2019-09-19T08:54:08+00:00\",\"dateModified\":\"2020-02-18T13:24:47+00:00\",\"author\":{\"@id\":\"https:\\\/\\\/www.tepcomp.fi\\\/#\\\/schema\\\/person\\\/cda481230323f1f0a2b8a27beda73fb6\"},\"breadcrumb\":{\"@id\":\"https:\\\/\\\/www.tepcomp.fi\\\/sv\\\/tepcomp-mukana-alihankinta-2019-messuilla\\\/#breadcrumb\"},\"inLanguage\":\"sv-SE\",\"potentialAction\":[{\"@type\":\"ReadAction\",\"target\":[\"https:\\\/\\\/www.tepcomp.fi\\\/sv\\\/tepcomp-mukana-alihankinta-2019-messuilla\\\/\"]}]},{\"@type\":\"ImageObject\",\"inLanguage\":\"sv-SE\",\"@id\":\"https:\\\/\\\/www.tepcomp.fi\\\/sv\\\/tepcomp-mukana-alihankinta-2019-messuilla\\\/#primaryimage\",\"url\":\"https:\\\/\\\/www.tepcomp.fi\\\/wp-content\\\/uploads\\\/2019\\\/09\\\/Tepcomp_Alihankinta-2019.jpg\",\"contentUrl\":\"https:\\\/\\\/www.tepcomp.fi\\\/wp-content\\\/uploads\\\/2019\\\/09\\\/Tepcomp_Alihankinta-2019.jpg\",\"width\":1400,\"height\":844},{\"@type\":\"BreadcrumbList\",\"@id\":\"https:\\\/\\\/www.tepcomp.fi\\\/sv\\\/tepcomp-mukana-alihankinta-2019-messuilla\\\/#breadcrumb\",\"itemListElement\":[{\"@type\":\"ListItem\",\"position\":1,\"name\":\"Home\",\"item\":\"https:\\\/\\\/www.tepcomp.fi\\\/sv\\\/\"},{\"@type\":\"ListItem\",\"position\":2,\"name\":\"Tepcomp deltar i Alihankinta-m\u00e4ssan 2019\"}]},{\"@type\":\"WebSite\",\"@id\":\"https:\\\/\\\/www.tepcomp.fi\\\/#website\",\"url\":\"https:\\\/\\\/www.tepcomp.fi\\\/\",\"name\":\"Tepcomp Group\",\"description\":\"Elektroniikan sopimusvalmistaja\",\"potentialAction\":[{\"@type\":\"SearchAction\",\"target\":{\"@type\":\"EntryPoint\",\"urlTemplate\":\"https:\\\/\\\/www.tepcomp.fi\\\/?s={search_term_string}\"},\"query-input\":{\"@type\":\"PropertyValueSpecification\",\"valueRequired\":true,\"valueName\":\"search_term_string\"}}],\"inLanguage\":\"sv-SE\"},{\"@type\":\"Person\",\"@id\":\"https:\\\/\\\/www.tepcomp.fi\\\/#\\\/schema\\\/person\\\/cda481230323f1f0a2b8a27beda73fb6\",\"name\":\"hi-admin\",\"image\":{\"@type\":\"ImageObject\",\"inLanguage\":\"sv-SE\",\"@id\":\"https:\\\/\\\/secure.gravatar.com\\\/avatar\\\/0f11440e0f6220171c809bf7fd636a7cbd2332e7b35e9e3afe203c3f87447600?s=96&d=mm&r=g\",\"url\":\"https:\\\/\\\/secure.gravatar.com\\\/avatar\\\/0f11440e0f6220171c809bf7fd636a7cbd2332e7b35e9e3afe203c3f87447600?s=96&d=mm&r=g\",\"contentUrl\":\"https:\\\/\\\/secure.gravatar.com\\\/avatar\\\/0f11440e0f6220171c809bf7fd636a7cbd2332e7b35e9e3afe203c3f87447600?s=96&d=mm&r=g\",\"caption\":\"hi-admin\"}}]}<\/script>\n<!-- \/ Yoast SEO plugin. -->","yoast_head_json":{"title":"Tepcomp deltar i Alihankinta-m\u00e4ssan 2019 - Tepcomp Group","robots":{"index":"noindex","follow":"follow"},"og_locale":"sv_SE","og_type":"article","og_title":"Tepcomp deltar i Alihankinta-m\u00e4ssan 2019 - Tepcomp Group","og_description":"[vc_row type=&#8221;in_container&#8221; full_screen_row_position=&#8221;middle&#8221; column_margin=&#8221;default&#8221; scene_position=&#8221;center&#8221; text_color=&#8221;dark&#8221; text_align=&#8221;left&#8221; overlay_strength=&#8221;0.3&#8243; shape_divider_position=&#8221;bottom&#8221; bg_image_animation=&#8221;none&#8221;][vc_column column_padding=&#8221;no-extra-padding&#8221; column_padding_position=&#8221;all&#8221; background_color_opacity=&#8221;1&#8243; background_hover_color_opacity=&#8221;1&#8243; column_link_target=&#8221;_self&#8221; column_shadow=&#8221;none&#8221; column_border_radius=&#8221;none&#8221; width=&#8221;1\/1&#8243; tablet_width_inherit=&#8221;default&#8221; tablet_text_alignment=&#8221;default&#8221; phone_text_alignment=&#8221;default&#8221; overlay_strength=&#8221;0.3&#8243; column_border_width=&#8221;none&#8221; column_border_style=&#8221;solid&#8221; bg_image_animation=&#8221;none&#8221;][vc_column_text] Elmia Subcontractor-m\u00e4ssan 12\u201315.11.2019 i Sverige...","og_url":"https:\/\/www.tepcomp.fi\/sv\/tepcomp-mukana-alihankinta-2019-messuilla\/","og_site_name":"Tepcomp Group","article_published_time":"2019-09-19T08:54:08+00:00","article_modified_time":"2020-02-18T13:24:47+00:00","og_image":[{"width":1400,"height":844,"url":"https:\/\/www.tepcomp.fi\/wp-content\/uploads\/2019\/09\/Tepcomp_Alihankinta-2019.jpg","type":"image\/jpeg"}],"author":"hi-admin","twitter_card":"summary_large_image","twitter_misc":{"Skriven av":"hi-admin","Ber\u00e4knad l\u00e4stid":"1 minut"},"schema":{"@context":"https:\/\/schema.org","@graph":[{"@type":"Article","@id":"https:\/\/www.tepcomp.fi\/sv\/tepcomp-mukana-alihankinta-2019-messuilla\/#article","isPartOf":{"@id":"https:\/\/www.tepcomp.fi\/sv\/tepcomp-mukana-alihankinta-2019-messuilla\/"},"author":{"name":"hi-admin","@id":"https:\/\/www.tepcomp.fi\/#\/schema\/person\/cda481230323f1f0a2b8a27beda73fb6"},"headline":"Tepcomp deltar i Alihankinta-m\u00e4ssan 2019","datePublished":"2019-09-19T08:54:08+00:00","dateModified":"2020-02-18T13:24:47+00:00","mainEntityOfPage":{"@id":"https:\/\/www.tepcomp.fi\/sv\/tepcomp-mukana-alihankinta-2019-messuilla\/"},"wordCount":269,"image":{"@id":"https:\/\/www.tepcomp.fi\/sv\/tepcomp-mukana-alihankinta-2019-messuilla\/#primaryimage"},"thumbnailUrl":"https:\/\/www.tepcomp.fi\/wp-content\/uploads\/2019\/09\/Tepcomp_Alihankinta-2019.jpg","articleSection":["Tepcomp Group"],"inLanguage":"sv-SE"},{"@type":"WebPage","@id":"https:\/\/www.tepcomp.fi\/sv\/tepcomp-mukana-alihankinta-2019-messuilla\/","url":"https:\/\/www.tepcomp.fi\/sv\/tepcomp-mukana-alihankinta-2019-messuilla\/","name":"Tepcomp deltar i Alihankinta-m\u00e4ssan 2019 - Tepcomp Group","isPartOf":{"@id":"https:\/\/www.tepcomp.fi\/#website"},"primaryImageOfPage":{"@id":"https:\/\/www.tepcomp.fi\/sv\/tepcomp-mukana-alihankinta-2019-messuilla\/#primaryimage"},"image":{"@id":"https:\/\/www.tepcomp.fi\/sv\/tepcomp-mukana-alihankinta-2019-messuilla\/#primaryimage"},"thumbnailUrl":"https:\/\/www.tepcomp.fi\/wp-content\/uploads\/2019\/09\/Tepcomp_Alihankinta-2019.jpg","datePublished":"2019-09-19T08:54:08+00:00","dateModified":"2020-02-18T13:24:47+00:00","author":{"@id":"https:\/\/www.tepcomp.fi\/#\/schema\/person\/cda481230323f1f0a2b8a27beda73fb6"},"breadcrumb":{"@id":"https:\/\/www.tepcomp.fi\/sv\/tepcomp-mukana-alihankinta-2019-messuilla\/#breadcrumb"},"inLanguage":"sv-SE","potentialAction":[{"@type":"ReadAction","target":["https:\/\/www.tepcomp.fi\/sv\/tepcomp-mukana-alihankinta-2019-messuilla\/"]}]},{"@type":"ImageObject","inLanguage":"sv-SE","@id":"https:\/\/www.tepcomp.fi\/sv\/tepcomp-mukana-alihankinta-2019-messuilla\/#primaryimage","url":"https:\/\/www.tepcomp.fi\/wp-content\/uploads\/2019\/09\/Tepcomp_Alihankinta-2019.jpg","contentUrl":"https:\/\/www.tepcomp.fi\/wp-content\/uploads\/2019\/09\/Tepcomp_Alihankinta-2019.jpg","width":1400,"height":844},{"@type":"BreadcrumbList","@id":"https:\/\/www.tepcomp.fi\/sv\/tepcomp-mukana-alihankinta-2019-messuilla\/#breadcrumb","itemListElement":[{"@type":"ListItem","position":1,"name":"Home","item":"https:\/\/www.tepcomp.fi\/sv\/"},{"@type":"ListItem","position":2,"name":"Tepcomp deltar i Alihankinta-m\u00e4ssan 2019"}]},{"@type":"WebSite","@id":"https:\/\/www.tepcomp.fi\/#website","url":"https:\/\/www.tepcomp.fi\/","name":"Tepcomp Group","description":"Elektroniikan sopimusvalmistaja","potentialAction":[{"@type":"SearchAction","target":{"@type":"EntryPoint","urlTemplate":"https:\/\/www.tepcomp.fi\/?s={search_term_string}"},"query-input":{"@type":"PropertyValueSpecification","valueRequired":true,"valueName":"search_term_string"}}],"inLanguage":"sv-SE"},{"@type":"Person","@id":"https:\/\/www.tepcomp.fi\/#\/schema\/person\/cda481230323f1f0a2b8a27beda73fb6","name":"hi-admin","image":{"@type":"ImageObject","inLanguage":"sv-SE","@id":"https:\/\/secure.gravatar.com\/avatar\/0f11440e0f6220171c809bf7fd636a7cbd2332e7b35e9e3afe203c3f87447600?s=96&d=mm&r=g","url":"https:\/\/secure.gravatar.com\/avatar\/0f11440e0f6220171c809bf7fd636a7cbd2332e7b35e9e3afe203c3f87447600?s=96&d=mm&r=g","contentUrl":"https:\/\/secure.gravatar.com\/avatar\/0f11440e0f6220171c809bf7fd636a7cbd2332e7b35e9e3afe203c3f87447600?s=96&d=mm&r=g","caption":"hi-admin"}}]}},"_links":{"self":[{"href":"https:\/\/www.tepcomp.fi\/sv\/wp-json\/wp\/v2\/posts\/7462","targetHints":{"allow":["GET"]}}],"collection":[{"href":"https:\/\/www.tepcomp.fi\/sv\/wp-json\/wp\/v2\/posts"}],"about":[{"href":"https:\/\/www.tepcomp.fi\/sv\/wp-json\/wp\/v2\/types\/post"}],"author":[{"embeddable":true,"href":"https:\/\/www.tepcomp.fi\/sv\/wp-json\/wp\/v2\/users\/5"}],"replies":[{"embeddable":true,"href":"https:\/\/www.tepcomp.fi\/sv\/wp-json\/wp\/v2\/comments?post=7462"}],"version-history":[{"count":3,"href":"https:\/\/www.tepcomp.fi\/sv\/wp-json\/wp\/v2\/posts\/7462\/revisions"}],"predecessor-version":[{"id":7468,"href":"https:\/\/www.tepcomp.fi\/sv\/wp-json\/wp\/v2\/posts\/7462\/revisions\/7468"}],"wp:featuredmedia":[{"embeddable":true,"href":"https:\/\/www.tepcomp.fi\/sv\/wp-json\/wp\/v2\/media\/7463"}],"wp:attachment":[{"href":"https:\/\/www.tepcomp.fi\/sv\/wp-json\/wp\/v2\/media?parent=7462"}],"wp:term":[{"taxonomy":"category","embeddable":true,"href":"https:\/\/www.tepcomp.fi\/sv\/wp-json\/wp\/v2\/categories?post=7462"},{"taxonomy":"post_tag","embeddable":true,"href":"https:\/\/www.tepcomp.fi\/sv\/wp-json\/wp\/v2\/tags?post=7462"}],"curies":[{"name":"wp","href":"https:\/\/api.w.org\/{rel}","templated":true}]}}